{"id":84299,"date":"2022-06-13T12:17:25","date_gmt":"2022-06-13T15:17:25","guid":{"rendered":"https:\/\/blogdoedvaldomagalhaes.com.br\/?p=84299"},"modified":"2022-06-13T12:17:26","modified_gmt":"2022-06-13T15:17:26","slug":"prf-apreende-dupla-com-arma-e-carro-roubado-em-caruaru","status":"publish","type":"post","link":"https:\/\/blogdoedvaldomagalhaes.com.br\/index.php\/2022\/06\/13\/prf-apreende-dupla-com-arma-e-carro-roubado-em-caruaru\/","title":{"rendered":"PRF apreende dupla com arma e carro roubado em Caruaru"},"content":{"rendered":"<p style=\"text-align: justify;\"><span style=\"font-size: inherit;\">Um homem e um adolescente que estavam em um carro roubado foram apreendidos, na noite de domingo (12), pela Pol\u00edcia Rodovi\u00e1ria Federal (PRF), na BR 104, em Caruaru, no Agreste pernambucano. Dentro do ve\u00edculo foi apreendido um rev\u00f3lver calibre 32 com seis muni\u00e7\u00f5es.<\/span><\/p>\n<p style=\"text-align: justify;\">Policiais realizavam uma ronda no Km 67 da rodovia, quando observaram um carro parado no acostamento com o pisca alerta ligado. Durante a abordagem, o motorista disse que estava sem combust\u00edvel e que havia pego o ve\u00edculo emprestado com o irm\u00e3o dele.<\/p>\n<p style=\"text-align: justify;\">A equipe realizou uma consulta e constatou que o carro havia sido roubado em Caruaru, no dia 8 de junho deste ano. Ao verificar o interior do ve\u00edculo, foi encontroada a arma embaixo do banco do motorista.<\/p>\n<p style=\"text-align: justify;\">A dupla foi encaminhada junto com o carro e o rev\u00f3lver \u00e0 delegacia de Pol\u00edcia Civil de Caruaru. No local, um homem que teve o celular roubado reconheceu o motorista como um dos envolvidos no crime.<\/p>\n<p style=\"text-align: justify;\">O condutor possui passagem na pol\u00edcia por diversos crimes, como homic\u00eddio, furto, porte ilegal de arma, amea\u00e7a, dano, dentre outros.<\/p>\n","protected":false},"excerpt":{"rendered":"<p>Um homem e um adolescente que estavam em um carro roubado foram apreendidos, na noite de domingo (12), pela Pol\u00edcia&hellip;<\/p>\n","protected":false},"author":1,"featured_media":84300,"comment_status":"open","ping_status":"open","sticky":false,"template":"","format":"standard","meta":{"footnotes":""},"categories":[14121],"tags":[2,19532,3406,24869],"class_list":["post-84299","post","type-post","status-publish","format-standard","has-post-thumbnail","hentry","category-policial","tag-blog-do-edvaldo-magalhaes","tag-blog-mais-acessado-e-visualizado-de-caruaru-e-regiao","tag-caruaru","tag-prf-apreende-dupla-com-arma-e-carro-roubado-em-caruaru"],"_links":{"self":[{"href":"https:\/\/blogdoedvaldomagalhaes.com.br\/index.php\/wp-json\/wp\/v2\/posts\/84299","targetHints":{"allow":["GET"]}}],"collection":[{"href":"https:\/\/blogdoedvaldomagalhaes.com.br\/index.php\/wp-json\/wp\/v2\/posts"}],"about":[{"href":"https:\/\/blogdoedvaldomagalhaes.com.br\/index.php\/wp-json\/wp\/v2\/types\/post"}],"author":[{"embeddable":true,"href":"https:\/\/blogdoedvaldomagalhaes.com.br\/index.php\/wp-json\/wp\/v2\/users\/1"}],"replies":[{"embeddable":true,"href":"https:\/\/blogdoedvaldomagalhaes.com.br\/index.php\/wp-json\/wp\/v2\/comments?post=84299"}],"version-history":[{"count":1,"href":"https:\/\/blogdoedvaldomagalhaes.com.br\/index.php\/wp-json\/wp\/v2\/posts\/84299\/revisions"}],"predecessor-version":[{"id":84301,"href":"https:\/\/blogdoedvaldomagalhaes.com.br\/index.php\/wp-json\/wp\/v2\/posts\/84299\/revisions\/84301"}],"wp:featuredmedia":[{"embeddable":true,"href":"https:\/\/blogdoedvaldomagalhaes.com.br\/index.php\/wp-json\/wp\/v2\/media\/84300"}],"wp:attachment":[{"href":"https:\/\/blogdoedvaldomagalhaes.com.br\/index.php\/wp-json\/wp\/v2\/media?parent=84299"}],"wp:term":[{"taxonomy":"category","embeddable":true,"href":"https:\/\/blogdoedvaldomagalhaes.com.br\/index.php\/wp-json\/wp\/v2\/categories?post=84299"},{"taxonomy":"post_tag","embeddable":true,"href":"https:\/\/blogdoedvaldomagalhaes.com.br\/index.php\/wp-json\/wp\/v2\/tags?post=84299"}],"curies":[{"name":"wp","href":"https:\/\/api.w.org\/{rel}","templated":true}]}}