{"id":84296,"date":"2022-06-13T11:04:54","date_gmt":"2022-06-13T14:04:54","guid":{"rendered":"https:\/\/blogdoedvaldomagalhaes.com.br\/?p=84296"},"modified":"2022-06-13T11:04:55","modified_gmt":"2022-06-13T14:04:55","slug":"icia-e-clube-casa-realizam-bazar-solidario-com-descontos-de-ate-50","status":"publish","type":"post","link":"https:\/\/blogdoedvaldomagalhaes.com.br\/index.php\/2022\/06\/13\/icia-e-clube-casa-realizam-bazar-solidario-com-descontos-de-ate-50\/","title":{"rendered":"ICIA e Clube Casa realizam Bazar Solid\u00e1rio com descontos de at\u00e9 50%"},"content":{"rendered":"<p style=\"text-align: justify;\">O Instituto do C\u00e2ncer Infantil do Agreste, ICIA, realiza de 14 a 16 de junho o Bazar Solid\u00e1rio. S\u00e3o produtos de cama, mesa e banho com descontos de at\u00e9 50%. Parte da renda ser\u00e1 destinada para o ICIA.<\/p>\n<p style=\"text-align: justify;\">Como tema \u201cDescontos que Fazem Bem\u201d, o bazar vai funcionar das 9h \u00e0s 16h na Avenida Paulo Santos, 917, Bairro Universit\u00e1rio (sede do ICIA). Durante os tr\u00eas dias de vendas, os compradores precisam apresentar o cart\u00e3o de vacina atualizado com as doses da imuniza\u00e7\u00e3o contra a Covid-19. Al\u00e9m da exig\u00eancia do uso de m\u00e1scaras. N\u00e3o \u00e9 preciso marcar hor\u00e1rio.<\/p>\n<p style=\"text-align: justify;\">Esse \u00e9 mais um ano em que a parceria com a marca Clube Casa \u00e9 estabelecida e a expectativa \u00e9 que seja um sucesso de vendas. S\u00e3o produtos novos, de \u00f3tima qualidade e por pre\u00e7os muito baixos. Os produtos podem ser pagos \u00e0 vista, no cart\u00e3o e no PIX.<\/p>\n","protected":false},"excerpt":{"rendered":"<p>O Instituto do C\u00e2ncer Infantil do Agreste, ICIA, realiza de 14 a 16 de junho o Bazar Solid\u00e1rio. S\u00e3o produtos&hellip;<\/p>\n","protected":false},"author":1,"featured_media":84297,"comment_status":"open","ping_status":"open","sticky":false,"template":"","format":"standard","meta":{"footnotes":""},"categories":[14120],"tags":[2,19532,3406,24868],"class_list":["post-84296","post","type-post","status-publish","format-standard","has-post-thumbnail","hentry","category-noticias","tag-blog-do-edvaldo-magalhaes","tag-blog-mais-acessado-e-visualizado-de-caruaru-e-regiao","tag-caruaru","tag-icia-e-clube-casa-realizam-bazar-solidario-com-descontos-de-ate-50"],"_links":{"self":[{"href":"https:\/\/blogdoedvaldomagalhaes.com.br\/index.php\/wp-json\/wp\/v2\/posts\/84296","targetHints":{"allow":["GET"]}}],"collection":[{"href":"https:\/\/blogdoedvaldomagalhaes.com.br\/index.php\/wp-json\/wp\/v2\/posts"}],"about":[{"href":"https:\/\/blogdoedvaldomagalhaes.com.br\/index.php\/wp-json\/wp\/v2\/types\/post"}],"author":[{"embeddable":true,"href":"https:\/\/blogdoedvaldomagalhaes.com.br\/index.php\/wp-json\/wp\/v2\/users\/1"}],"replies":[{"embeddable":true,"href":"https:\/\/blogdoedvaldomagalhaes.com.br\/index.php\/wp-json\/wp\/v2\/comments?post=84296"}],"version-history":[{"count":1,"href":"https:\/\/blogdoedvaldomagalhaes.com.br\/index.php\/wp-json\/wp\/v2\/posts\/84296\/revisions"}],"predecessor-version":[{"id":84298,"href":"https:\/\/blogdoedvaldomagalhaes.com.br\/index.php\/wp-json\/wp\/v2\/posts\/84296\/revisions\/84298"}],"wp:featuredmedia":[{"embeddable":true,"href":"https:\/\/blogdoedvaldomagalhaes.com.br\/index.php\/wp-json\/wp\/v2\/media\/84297"}],"wp:attachment":[{"href":"https:\/\/blogdoedvaldomagalhaes.com.br\/index.php\/wp-json\/wp\/v2\/media?parent=84296"}],"wp:term":[{"taxonomy":"category","embeddable":true,"href":"https:\/\/blogdoedvaldomagalhaes.com.br\/index.php\/wp-json\/wp\/v2\/categories?post=84296"},{"taxonomy":"post_tag","embeddable":true,"href":"https:\/\/blogdoedvaldomagalhaes.com.br\/index.php\/wp-json\/wp\/v2\/tags?post=84296"}],"curies":[{"name":"wp","href":"https:\/\/api.w.org\/{rel}","templated":true}]}}