{"id":84281,"date":"2022-06-12T11:43:15","date_gmt":"2022-06-12T14:43:15","guid":{"rendered":"https:\/\/blogdoedvaldomagalhaes.com.br\/?p=84281"},"modified":"2022-06-12T11:43:16","modified_gmt":"2022-06-12T14:43:16","slug":"onibus-adulterado-e-apreendido-pela-prf-em-caruaru","status":"publish","type":"post","link":"https:\/\/blogdoedvaldomagalhaes.com.br\/index.php\/2022\/06\/12\/onibus-adulterado-e-apreendido-pela-prf-em-caruaru\/","title":{"rendered":"\u00d4nibus adulterado \u00e9 apreendido pela PRF em Caruaru"},"content":{"rendered":"<p style=\"text-align: justify;\"><span style=\"font-size: inherit;\">Um \u00f4nibus que apresentava sinais de adultera\u00e7\u00e3o foi apreendido na noite de s\u00e1bado (11), pela Pol\u00edcia Rodovi\u00e1ria Federal (PRF), na BR 232, em Caruaru, no Agreste de Pernambuco. O ve\u00edculo realizava o servi\u00e7o de fretamento e havia sa\u00eddo de Recife em dire\u00e7\u00e3o a Caruaru.<\/span><\/p>\n<p style=\"text-align: justify;\">O flagrante foi realizado durante uma fiscaliza\u00e7\u00e3o da Opera\u00e7\u00e3o Festejos Juninos, no km 127 da rodovia. Ap\u00f3s um procedimento de identifica\u00e7\u00e3o, a equipe constatou que o \u00f4nibus portava placas clonadas e o ve\u00edculo original possu\u00eda uma restri\u00e7\u00e3o judicial.<\/p>\n<p style=\"text-align: justify;\">O motorista foi encaminhado junto com o \u00f4nibus \u00e0 delegacia de Pol\u00edcia Civil de Caruaru. O propriet\u00e1rio poder\u00e1 responder por adultera\u00e7\u00e3o de sinal identificador de ve\u00edculo automotor.<\/p>\n","protected":false},"excerpt":{"rendered":"<p>Um \u00f4nibus que apresentava sinais de adultera\u00e7\u00e3o foi apreendido na noite de s\u00e1bado (11), pela Pol\u00edcia Rodovi\u00e1ria Federal (PRF), na&hellip;<\/p>\n","protected":false},"author":1,"featured_media":84282,"comment_status":"open","ping_status":"open","sticky":false,"template":"","format":"standard","meta":{"footnotes":""},"categories":[14121],"tags":[2,19532,3406,24865],"class_list":["post-84281","post","type-post","status-publish","format-standard","has-post-thumbnail","hentry","category-policial","tag-blog-do-edvaldo-magalhaes","tag-blog-mais-acessado-e-visualizado-de-caruaru-e-regiao","tag-caruaru","tag-onibus-adulterado-e-apreendido-pela-prf-em-caruaru"],"_links":{"self":[{"href":"https:\/\/blogdoedvaldomagalhaes.com.br\/index.php\/wp-json\/wp\/v2\/posts\/84281","targetHints":{"allow":["GET"]}}],"collection":[{"href":"https:\/\/blogdoedvaldomagalhaes.com.br\/index.php\/wp-json\/wp\/v2\/posts"}],"about":[{"href":"https:\/\/blogdoedvaldomagalhaes.com.br\/index.php\/wp-json\/wp\/v2\/types\/post"}],"author":[{"embeddable":true,"href":"https:\/\/blogdoedvaldomagalhaes.com.br\/index.php\/wp-json\/wp\/v2\/users\/1"}],"replies":[{"embeddable":true,"href":"https:\/\/blogdoedvaldomagalhaes.com.br\/index.php\/wp-json\/wp\/v2\/comments?post=84281"}],"version-history":[{"count":1,"href":"https:\/\/blogdoedvaldomagalhaes.com.br\/index.php\/wp-json\/wp\/v2\/posts\/84281\/revisions"}],"predecessor-version":[{"id":84283,"href":"https:\/\/blogdoedvaldomagalhaes.com.br\/index.php\/wp-json\/wp\/v2\/posts\/84281\/revisions\/84283"}],"wp:featuredmedia":[{"embeddable":true,"href":"https:\/\/blogdoedvaldomagalhaes.com.br\/index.php\/wp-json\/wp\/v2\/media\/84282"}],"wp:attachment":[{"href":"https:\/\/blogdoedvaldomagalhaes.com.br\/index.php\/wp-json\/wp\/v2\/media?parent=84281"}],"wp:term":[{"taxonomy":"category","embeddable":true,"href":"https:\/\/blogdoedvaldomagalhaes.com.br\/index.php\/wp-json\/wp\/v2\/categories?post=84281"},{"taxonomy":"post_tag","embeddable":true,"href":"https:\/\/blogdoedvaldomagalhaes.com.br\/index.php\/wp-json\/wp\/v2\/tags?post=84281"}],"curies":[{"name":"wp","href":"https:\/\/api.w.org\/{rel}","templated":true}]}}