{"id":84266,"date":"2022-06-11T15:35:31","date_gmt":"2022-06-11T18:35:31","guid":{"rendered":"https:\/\/blogdoedvaldomagalhaes.com.br\/?p=84266"},"modified":"2022-06-11T15:54:23","modified_gmt":"2022-06-11T18:54:23","slug":"simone-canta-quase-show-inteiro-sem-simaria-durante-sao-joao-2022-de-caruaru","status":"publish","type":"post","link":"https:\/\/blogdoedvaldomagalhaes.com.br\/index.php\/2022\/06\/11\/simone-canta-quase-show-inteiro-sem-simaria-durante-sao-joao-2022-de-caruaru\/","title":{"rendered":"Simone canta quase show inteiro sem Simaria durante S\u00e3o Jo\u00e3o 2022 de Caruaru"},"content":{"rendered":"<p style=\"text-align: justify;\">Na madrugada deste s\u00e1bado (11), aconteceu o show da dupla Simone e Simaria, no P\u00e1tio de Eventos de Caruaru, durante o S\u00e3o Jo\u00e3o 2022.<\/p>\n<p style=\"text-align: justify;\">Simone anunciou no in\u00edcio do show que a irm\u00e3 havia passado mal, n\u00e3o conseguindo pegar o voo para a cidade. Com isso, ela fez p show quase todo sozinha. Simaria, que se sentiu melhor decidiu pegar a estrada, chegou para os minutos finais. Enquanto Simone j\u00e1 se despedida do p\u00fablico, Simaria quis cantar algumas m\u00fasicas, prorrogando a apresenta\u00e7\u00e3o.<\/p>\n<p style=\"text-align: justify;\">Quem teve a responsabilidade de abrir a noite de muito forr\u00f3, sertanejo e vaneir\u00e3o foi Renan Cruz. Tido atualmente como um dos principais nomes da cena musical de Caruaru, o artista pernambucano colocou todo o P\u00e1tio do Forr\u00f3 para dan\u00e7ar com hits do forr\u00f3 estilizado e do piseiro. Ele n\u00e3o escondeu a emo\u00e7\u00e3o de se apresentar mais uma vez no Maior e Melhor S\u00e3o do Mundo. &#8220;Caruaru \u00e9 minha terra e cantar por aqui tem um gostinho a mais. Muito feliz pelo convite&#8221;.<\/p>\n<p style=\"text-align: justify;\">Sem perder o embalo, Toca do Vale trouxe ao palco, o seu vaneir\u00e3o com sotaque nordestino interpretando v\u00e1rios sucessos dos tempos em que integrava a banda Brasas do Forr\u00f3, bem como de artistas consagrados do pa\u00eds. Ele tamb\u00e9m n\u00e3o perdeu a oportunidade de homenagear grandes \u00edcones da M\u00fasica Popular Brasileira, a exemplos de Luiz Gonzaga, Fagner e Z\u00e9 Ramalho.<\/p>\n<p style=\"text-align: justify;\">&#8220;Qual \u00e9 o artista nordestino que n\u00e3o quer fazer show em Caruaru, a Capital do Forr\u00f3? Aqui, o cora\u00e7\u00e3o do cantor bate mais forte e estou felic\u00edssimo por, mais uma vez, fazer parte do Maior e Melhor S\u00e3o Jo\u00e3o do Mundo&#8221;, disse Toca do Vale, minutos antes do show.<\/p>\n<p style=\"text-align: justify;\">Segundo estimativa da Funda\u00e7\u00e3o de Cultura de Caruaru, nesta sexta-feira, cerca de 80 mil pessoas estiveram curtindo a grade de programa\u00e7\u00e3o do polo do P\u00e1tio. E por l\u00e1, a s\u00e9rie de apresenta\u00e7\u00f5es continua, neste s\u00e1bado (11), com Bel Marques, Luan Estilizado, Matheus e Cau\u00e3, al\u00e9m de Vil\u00f5es do Forr\u00f3.<\/p>\n<p>Foto: Elvis \u00c9dson.<\/p>\n\n\n<figure class=\"wp-block-image size-large\"><img loading=\"lazy\" decoding=\"async\" width=\"1024\" height=\"576\" src=\"https:\/\/blogdoedvaldomagalhaes.com.br\/wp-content\/uploads\/2022\/06\/banner-video-1024x576.png\" alt=\"\" class=\"wp-image-83961\" srcset=\"https:\/\/blogdoedvaldomagalhaes.com.br\/wp-content\/uploads\/2022\/06\/banner-video-1024x576.png 1024w, https:\/\/blogdoedvaldomagalhaes.com.br\/wp-content\/uploads\/2022\/06\/banner-video-300x169.png 300w, https:\/\/blogdoedvaldomagalhaes.com.br\/wp-content\/uploads\/2022\/06\/banner-video-768x432.png 768w, https:\/\/blogdoedvaldomagalhaes.com.br\/wp-content\/uploads\/2022\/06\/banner-video-1536x864.png 1536w, https:\/\/blogdoedvaldomagalhaes.com.br\/wp-content\/uploads\/2022\/06\/banner-video-1140x641.png 1140w, https:\/\/blogdoedvaldomagalhaes.com.br\/wp-content\/uploads\/2022\/06\/banner-video-720x405.png 720w, https:\/\/blogdoedvaldomagalhaes.com.br\/wp-content\/uploads\/2022\/06\/banner-video.png 1920w\" sizes=\"auto, (max-width: 1024px) 100vw, 1024px\" \/><\/figure>\n\n\n\n<figure class=\"wp-block-image size-large\"><img loading=\"lazy\" decoding=\"async\" width=\"1024\" height=\"1024\" src=\"https:\/\/blogdoedvaldomagalhaes.com.br\/wp-content\/uploads\/2022\/06\/IMG-20220602-WA0192-1-1024x1024.jpg\" alt=\"\" class=\"wp-image-84225\" srcset=\"https:\/\/blogdoedvaldomagalhaes.com.br\/wp-content\/uploads\/2022\/06\/IMG-20220602-WA0192-1-1024x1024.jpg 1024w, https:\/\/blogdoedvaldomagalhaes.com.br\/wp-content\/uploads\/2022\/06\/IMG-20220602-WA0192-1-300x300.jpg 300w, https:\/\/blogdoedvaldomagalhaes.com.br\/wp-content\/uploads\/2022\/06\/IMG-20220602-WA0192-1-150x150.jpg 150w, https:\/\/blogdoedvaldomagalhaes.com.br\/wp-content\/uploads\/2022\/06\/IMG-20220602-WA0192-1-768x768.jpg 768w, https:\/\/blogdoedvaldomagalhaes.com.br\/wp-content\/uploads\/2022\/06\/IMG-20220602-WA0192-1.jpg 1418w\" sizes=\"auto, (max-width: 1024px) 100vw, 1024px\" \/><\/figure>\n\n\n\n<figure class=\"wp-block-image size-large\"><img loading=\"lazy\" decoding=\"async\" width=\"1024\" height=\"576\" src=\"https:\/\/blogdoedvaldomagalhaes.com.br\/wp-content\/uploads\/2022\/06\/IMG-20220605-WA0088-1024x576.jpg\" alt=\"\" class=\"wp-image-84003\" srcset=\"https:\/\/blogdoedvaldomagalhaes.com.br\/wp-content\/uploads\/2022\/06\/IMG-20220605-WA0088-1024x576.jpg 1024w, https:\/\/blogdoedvaldomagalhaes.com.br\/wp-content\/uploads\/2022\/06\/IMG-20220605-WA0088-300x169.jpg 300w, https:\/\/blogdoedvaldomagalhaes.com.br\/wp-content\/uploads\/2022\/06\/IMG-20220605-WA0088-768x432.jpg 768w, https:\/\/blogdoedvaldomagalhaes.com.br\/wp-content\/uploads\/2022\/06\/IMG-20220605-WA0088-1140x641.jpg 1140w, https:\/\/blogdoedvaldomagalhaes.com.br\/wp-content\/uploads\/2022\/06\/IMG-20220605-WA0088-720x405.jpg 720w, https:\/\/blogdoedvaldomagalhaes.com.br\/wp-content\/uploads\/2022\/06\/IMG-20220605-WA0088.jpg 1280w\" sizes=\"auto, (max-width: 1024px) 100vw, 1024px\" \/><\/figure>\n\n\n\n<figure class=\"wp-block-image size-large\"><img loading=\"lazy\" decoding=\"async\" width=\"1024\" height=\"576\" src=\"https:\/\/blogdoedvaldomagalhaes.com.br\/wp-content\/uploads\/2022\/06\/IMG-20220603-WA0313-1024x576.jpg\" alt=\"\" class=\"wp-image-83944\" srcset=\"https:\/\/blogdoedvaldomagalhaes.com.br\/wp-content\/uploads\/2022\/06\/IMG-20220603-WA0313-1024x576.jpg 1024w, https:\/\/blogdoedvaldomagalhaes.com.br\/wp-content\/uploads\/2022\/06\/IMG-20220603-WA0313-300x169.jpg 300w, https:\/\/blogdoedvaldomagalhaes.com.br\/wp-content\/uploads\/2022\/06\/IMG-20220603-WA0313-768x432.jpg 768w, https:\/\/blogdoedvaldomagalhaes.com.br\/wp-content\/uploads\/2022\/06\/IMG-20220603-WA0313-1140x641.jpg 1140w, https:\/\/blogdoedvaldomagalhaes.com.br\/wp-content\/uploads\/2022\/06\/IMG-20220603-WA0313-720x405.jpg 720w, https:\/\/blogdoedvaldomagalhaes.com.br\/wp-content\/uploads\/2022\/06\/IMG-20220603-WA0313.jpg 1280w\" sizes=\"auto, (max-width: 1024px) 100vw, 1024px\" \/><\/figure>\n\n\n\n<figure class=\"wp-block-image size-large\"><img loading=\"lazy\" decoding=\"async\" width=\"1024\" height=\"576\" src=\"https:\/\/blogdoedvaldomagalhaes.com.br\/wp-content\/uploads\/2022\/06\/IMG-20220605-WA0089-1024x576.jpg\" alt=\"\" class=\"wp-image-84002\" srcset=\"https:\/\/blogdoedvaldomagalhaes.com.br\/wp-content\/uploads\/2022\/06\/IMG-20220605-WA0089-1024x576.jpg 1024w, https:\/\/blogdoedvaldomagalhaes.com.br\/wp-content\/uploads\/2022\/06\/IMG-20220605-WA0089-300x169.jpg 300w, https:\/\/blogdoedvaldomagalhaes.com.br\/wp-content\/uploads\/2022\/06\/IMG-20220605-WA0089-768x432.jpg 768w, https:\/\/blogdoedvaldomagalhaes.com.br\/wp-content\/uploads\/2022\/06\/IMG-20220605-WA0089-1140x641.jpg 1140w, https:\/\/blogdoedvaldomagalhaes.com.br\/wp-content\/uploads\/2022\/06\/IMG-20220605-WA0089-720x405.jpg 720w, https:\/\/blogdoedvaldomagalhaes.com.br\/wp-content\/uploads\/2022\/06\/IMG-20220605-WA0089.jpg 1280w\" sizes=\"auto, (max-width: 1024px) 100vw, 1024px\" \/><\/figure>\n","protected":false},"excerpt":{"rendered":"<p>Na madrugada deste s\u00e1bado (11), aconteceu o show da dupla Simone e Simaria, no P\u00e1tio de Eventos de Caruaru, durante&hellip;<\/p>\n","protected":false},"author":1,"featured_media":84268,"comment_status":"open","ping_status":"open","sticky":false,"template":"","format":"standard","meta":{"footnotes":""},"categories":[14120],"tags":[2,19532,3406,24863],"class_list":["post-84266","post","type-post","status-publish","format-standard","has-post-thumbnail","hentry","category-noticias","tag-blog-do-edvaldo-magalhaes","tag-blog-mais-acessado-e-visualizado-de-caruaru-e-regiao","tag-caruaru","tag-simone-canta-quase-show-inteiro-sem-simaria-durante-sao-joao-2022-de-caruaru"],"_links":{"self":[{"href":"https:\/\/blogdoedvaldomagalhaes.com.br\/index.php\/wp-json\/wp\/v2\/posts\/84266","targetHints":{"allow":["GET"]}}],"collection":[{"href":"https:\/\/blogdoedvaldomagalhaes.com.br\/index.php\/wp-json\/wp\/v2\/posts"}],"about":[{"href":"https:\/\/blogdoedvaldomagalhaes.com.br\/index.php\/wp-json\/wp\/v2\/types\/post"}],"author":[{"embeddable":true,"href":"https:\/\/blogdoedvaldomagalhaes.com.br\/index.php\/wp-json\/wp\/v2\/users\/1"}],"replies":[{"embeddable":true,"href":"https:\/\/blogdoedvaldomagalhaes.com.br\/index.php\/wp-json\/wp\/v2\/comments?post=84266"}],"version-history":[{"count":6,"href":"https:\/\/blogdoedvaldomagalhaes.com.br\/index.php\/wp-json\/wp\/v2\/posts\/84266\/revisions"}],"predecessor-version":[{"id":84277,"href":"https:\/\/blogdoedvaldomagalhaes.com.br\/index.php\/wp-json\/wp\/v2\/posts\/84266\/revisions\/84277"}],"wp:featuredmedia":[{"embeddable":true,"href":"https:\/\/blogdoedvaldomagalhaes.com.br\/index.php\/wp-json\/wp\/v2\/media\/84268"}],"wp:attachment":[{"href":"https:\/\/blogdoedvaldomagalhaes.com.br\/index.php\/wp-json\/wp\/v2\/media?parent=84266"}],"wp:term":[{"taxonomy":"category","embeddable":true,"href":"https:\/\/blogdoedvaldomagalhaes.com.br\/index.php\/wp-json\/wp\/v2\/categories?post=84266"},{"taxonomy":"post_tag","embeddable":true,"href":"https:\/\/blogdoedvaldomagalhaes.com.br\/index.php\/wp-json\/wp\/v2\/tags?post=84266"}],"curies":[{"name":"wp","href":"https:\/\/api.w.org\/{rel}","templated":true}]}}