{"id":8423,"date":"2016-09-03T22:00:00","date_gmt":"2016-09-04T01:00:00","guid":{"rendered":"http:\/\/blogdoedvaldomagalhaes.com.br\/index.php\/2016\/09\/03\/central-goleia-pesqueira-fora-de-casa-e\/"},"modified":"2019-02-09T00:57:39","modified_gmt":"2019-02-09T02:57:39","slug":"central-goleia-pesqueira-fora-de-casa-e","status":"publish","type":"post","link":"https:\/\/blogdoedvaldomagalhaes.com.br\/index.php\/2016\/09\/03\/central-goleia-pesqueira-fora-de-casa-e\/","title":{"rendered":"Central goleia Pesqueira fora de casa e continua com chaves de classifica\u00e7\u00e3o"},"content":{"rendered":"<div class=\"separator\" style=\"clear: both; text-align: center;\">\n<a href=\"http:\/\/blogdoedvaldomagalhaes.com.br\/wp-content\/uploads\/2016\/09\/patativa.jpg\" imageanchor=\"1\" style=\"margin-left: 1em; margin-right: 1em;\"><img decoding=\"async\" border=\"0\" src=\"http:\/\/blogdoedvaldomagalhaes.com.br\/wp-content\/uploads\/2016\/09\/patativa.jpg\" \/><\/a><\/div>\n<p><\/p>\n<div style=\"text-align: justify;\">\nO Central venceu o Pesqueira por 4 a 1 em partida realizada pelo Campeonato Pernambucano Sub-20, no est\u00e1dio Joaquim de Brito, em Pesqueira. Os gols foram marcados por Jeffinho, Daniel, Artur e Romildo, sendo dois gols de p\u00eanalti. Com a vit\u00f3ria, o Central continua na vice lideran\u00e7a, com 7 pontos positivos. No pr\u00f3ximo s\u00e1bado (10), o alvinegro volta a campo diante do Santa Cruz, no Lacerd\u00e3o, em Caruaru.<\/p>\n<p>Pelo grupo F: Am\u00e9rica 1 x 1 Porto, no Est\u00e1dio Ademir Cunha, e na Ilha do Retiro: Sport 12 x 0 Salgueiro.<\/p>\n<\/div>\n<div style=\"text-align: justify;\">\nO Santa Cruz enfrenta o N\u00e1utico neste domingo (4) \u00e0s 15h, no est\u00e1dio Ademir Cunha, em Paulista. Tentando manter a lideran\u00e7a do seu grupo e avan\u00e7ar para a pr\u00f3xima fase da competi\u00e7\u00e3o.<\/div>\n","protected":false},"excerpt":{"rendered":"<p>O Central venceu o Pesqueira por 4 a 1 em partida realizada pelo Campeonato Pernambucano Sub-20, no est\u00e1dio Joaquim de&hellip;<\/p>\n","protected":false},"author":1,"featured_media":0,"comment_status":"open","ping_status":"open","sticky":false,"template":"","format":"standard","meta":{"footnotes":""},"categories":[1],"tags":[2,12473,3826,12474,3,2955,3060,6431,525],"class_list":["post-8423","post","type-post","status-publish","format-standard","hentry","category-sem-categoria","tag-blog-do-edvaldo-magalhaes","tag-central-goleia-pesqueira-fora-de-casa-e-continua-com-chaves-de-classificacao","tag-estadio-ademir-cunha","tag-estadio-joaquim-de-brito","tag-futebol","tag-lacerdao","tag-nautico","tag-paulista","tag-santa-cruz"],"_links":{"self":[{"href":"https:\/\/blogdoedvaldomagalhaes.com.br\/index.php\/wp-json\/wp\/v2\/posts\/8423","targetHints":{"allow":["GET"]}}],"collection":[{"href":"https:\/\/blogdoedvaldomagalhaes.com.br\/index.php\/wp-json\/wp\/v2\/posts"}],"about":[{"href":"https:\/\/blogdoedvaldomagalhaes.com.br\/index.php\/wp-json\/wp\/v2\/types\/post"}],"author":[{"embeddable":true,"href":"https:\/\/blogdoedvaldomagalhaes.com.br\/index.php\/wp-json\/wp\/v2\/users\/1"}],"replies":[{"embeddable":true,"href":"https:\/\/blogdoedvaldomagalhaes.com.br\/index.php\/wp-json\/wp\/v2\/comments?post=8423"}],"version-history":[{"count":1,"href":"https:\/\/blogdoedvaldomagalhaes.com.br\/index.php\/wp-json\/wp\/v2\/posts\/8423\/revisions"}],"predecessor-version":[{"id":12052,"href":"https:\/\/blogdoedvaldomagalhaes.com.br\/index.php\/wp-json\/wp\/v2\/posts\/8423\/revisions\/12052"}],"wp:attachment":[{"href":"https:\/\/blogdoedvaldomagalhaes.com.br\/index.php\/wp-json\/wp\/v2\/media?parent=8423"}],"wp:term":[{"taxonomy":"category","embeddable":true,"href":"https:\/\/blogdoedvaldomagalhaes.com.br\/index.php\/wp-json\/wp\/v2\/categories?post=8423"},{"taxonomy":"post_tag","embeddable":true,"href":"https:\/\/blogdoedvaldomagalhaes.com.br\/index.php\/wp-json\/wp\/v2\/tags?post=8423"}],"curies":[{"name":"wp","href":"https:\/\/api.w.org\/{rel}","templated":true}]}}