{"id":8422,"date":"2016-09-04T01:06:00","date_gmt":"2016-09-04T04:06:00","guid":{"rendered":"http:\/\/blogdoedvaldomagalhaes.com.br\/index.php\/2016\/09\/04\/tony-gel-grava-video-anunciando\/"},"modified":"2019-02-09T00:57:40","modified_gmt":"2019-02-09T02:57:40","slug":"tony-gel-grava-video-anunciando","status":"publish","type":"post","link":"https:\/\/blogdoedvaldomagalhaes.com.br\/index.php\/2016\/09\/04\/tony-gel-grava-video-anunciando\/","title":{"rendered":"Tony Gel grava v\u00eddeo anunciando primeiro nome de secret\u00e1rio, caso seja eleito"},"content":{"rendered":"<div class=\"separator\" style=\"clear: both; text-align: center;\">\n<\/div>\n<div class=\"separator\" style=\"clear: both; text-align: center;\">\n<\/div>\n<div class=\"separator\" style=\"clear: both; text-align: center;\">\n<\/div>\n<p><\/p>\n<div style=\"text-align: justify;\">\nO candidato a prefeito de Caruaru, Tony Gel (PMDB), teve um encontro com profissionais da sa\u00fade do munic\u00edpio. Tony conversou com m\u00e9dicos das \u00e1reas de ginecologia, obstetr\u00edcia, PSF, hospitalar entre outras, e p\u00f4de ouvir as dificuldades enfrentadas pela categoria, al\u00e9m de sugest\u00f5es para serem inseridas no plano de governo.<\/div>\n<p><\/p>\n<div style=\"text-align: justify;\">\n<\/div>\n<div style=\"text-align: justify;\">\nTony Gel apresentou as propostas voltadas para a sa\u00fade como a implanta\u00e7\u00e3o do Centro Municipal de Aten\u00e7\u00e3o a Pessoa com Diabetes, reestruturar os PSF&#8217;s e o SAMU, e a reabertura do Hospital S\u00e3o Sebasti\u00e3o.&nbsp;<\/div>\n<div style=\"text-align: justify;\">\n<\/div>\n<div style=\"text-align: justify;\">\nO encontro contou tamb\u00e9m com a presen\u00e7a do m\u00e9dico Oscar Capistrano, que na oportunidade, j\u00e1 foi convidado por Tony Gel a assumir a secretaria de sa\u00fade a partir de 2017.&nbsp; &#8220;Eu terei a oportunidade de voltarmos a fazer um trabalho diferenciado que a sa\u00fade de Caruaru merece. Vamos fazer melhor ainda com o apoio dos m\u00e9dicos&#8221;, disse Capistrano.<\/p>\n<div class=\"separator\" style=\"clear: both; text-align: center;\">\n<a href=\"https:\/\/1.bp.blogspot.com\/-_BhjxCXnNwk\/V8wpqY2D3LI\/AAAAAAAAFvs\/oSqzkKSlN2cColLXmsNsv_6eXEGtXTilACLcB\/s1600\/tony.jpg\" imageanchor=\"1\" style=\"margin-left: 1em; margin-right: 1em;\"><img loading=\"lazy\" decoding=\"async\" border=\"0\" height=\"300\" src=\"http:\/\/blogdoedvaldomagalhaes.com.br\/wp-content\/uploads\/2016\/09\/tony-1.jpg\" width=\"400\" \/><\/a><\/div>\n<p><\/div>\n","protected":false},"excerpt":{"rendered":"<p>O candidato a prefeito de Caruaru, Tony Gel (PMDB), teve um encontro com profissionais da sa\u00fade do munic\u00edpio. Tony conversou&hellip;<\/p>\n","protected":false},"author":1,"featured_media":0,"comment_status":"open","ping_status":"open","sticky":false,"template":"","format":"standard","meta":{"footnotes":""},"categories":[1],"tags":[2,12470,3121,12471,20,12472],"class_list":["post-8422","post","type-post","status-publish","format-standard","hentry","category-sem-categoria","tag-blog-do-edvaldo-magalhaes","tag-caso-seja-eleito","tag-noticias-da-politica","tag-oscar-capistrano","tag-politica","tag-tony-gel-anuncia-primeiro-nome-de-secretario"],"_links":{"self":[{"href":"https:\/\/blogdoedvaldomagalhaes.com.br\/index.php\/wp-json\/wp\/v2\/posts\/8422","targetHints":{"allow":["GET"]}}],"collection":[{"href":"https:\/\/blogdoedvaldomagalhaes.com.br\/index.php\/wp-json\/wp\/v2\/posts"}],"about":[{"href":"https:\/\/blogdoedvaldomagalhaes.com.br\/index.php\/wp-json\/wp\/v2\/types\/post"}],"author":[{"embeddable":true,"href":"https:\/\/blogdoedvaldomagalhaes.com.br\/index.php\/wp-json\/wp\/v2\/users\/1"}],"replies":[{"embeddable":true,"href":"https:\/\/blogdoedvaldomagalhaes.com.br\/index.php\/wp-json\/wp\/v2\/comments?post=8422"}],"version-history":[{"count":1,"href":"https:\/\/blogdoedvaldomagalhaes.com.br\/index.php\/wp-json\/wp\/v2\/posts\/8422\/revisions"}],"predecessor-version":[{"id":12054,"href":"https:\/\/blogdoedvaldomagalhaes.com.br\/index.php\/wp-json\/wp\/v2\/posts\/8422\/revisions\/12054"}],"wp:attachment":[{"href":"https:\/\/blogdoedvaldomagalhaes.com.br\/index.php\/wp-json\/wp\/v2\/media?parent=8422"}],"wp:term":[{"taxonomy":"category","embeddable":true,"href":"https:\/\/blogdoedvaldomagalhaes.com.br\/index.php\/wp-json\/wp\/v2\/categories?post=8422"},{"taxonomy":"post_tag","embeddable":true,"href":"https:\/\/blogdoedvaldomagalhaes.com.br\/index.php\/wp-json\/wp\/v2\/tags?post=8422"}],"curies":[{"name":"wp","href":"https:\/\/api.w.org\/{rel}","templated":true}]}}