{"id":84213,"date":"2022-06-10T15:12:54","date_gmt":"2022-06-10T18:12:54","guid":{"rendered":"https:\/\/blogdoedvaldomagalhaes.com.br\/?p=84213"},"modified":"2022-06-10T15:18:17","modified_gmt":"2022-06-10T18:18:17","slug":"vereador-irmao-ronaldo-prestigia-evento-gospel-ao-lado-do-prefeito-de-caruaru","status":"publish","type":"post","link":"https:\/\/blogdoedvaldomagalhaes.com.br\/index.php\/2022\/06\/10\/vereador-irmao-ronaldo-prestigia-evento-gospel-ao-lado-do-prefeito-de-caruaru\/","title":{"rendered":"Vereador Irm\u00e3o Ronaldo prestigia evento gospel ao lado do prefeito de Caruaru"},"content":{"rendered":"<p style=\"text-align: justify;\">O vereador irm\u00e3o Ronaldo esteve presente ontem \u00e0 noite no evento gospel, com a participa\u00e7\u00e3o dos cantores: Emerson Augusto, Regis Danese e Thalles Roberto.<\/p>\n\n\n<figure class=\"wp-block-image size-large\"><img loading=\"lazy\" decoding=\"async\" width=\"461\" height=\"1024\" src=\"https:\/\/blogdoedvaldomagalhaes.com.br\/wp-content\/uploads\/2022\/06\/IMG-20220610-WA0089-461x1024.jpg\" alt=\"\" class=\"wp-image-84218\" srcset=\"https:\/\/blogdoedvaldomagalhaes.com.br\/wp-content\/uploads\/2022\/06\/IMG-20220610-WA0089-461x1024.jpg 461w, https:\/\/blogdoedvaldomagalhaes.com.br\/wp-content\/uploads\/2022\/06\/IMG-20220610-WA0089-135x300.jpg 135w, https:\/\/blogdoedvaldomagalhaes.com.br\/wp-content\/uploads\/2022\/06\/IMG-20220610-WA0089-691x1536.jpg 691w, https:\/\/blogdoedvaldomagalhaes.com.br\/wp-content\/uploads\/2022\/06\/IMG-20220610-WA0089.jpg 720w\" sizes=\"auto, (max-width: 461px) 100vw, 461px\" \/><\/figure>\n\n\n<p style=\"text-align: justify;\">O vereador irm\u00e3o Ronaldo prestigiou essa grande festa de adora\u00e7\u00e3o ao nosso Deus, ao lado da sua esposa a mission\u00e1ria Edjane, ao lado do prefeito Rodrigo Pinheiro, do ex-prefeito de Jaboat\u00e3o dos Guararapes, Anderson Ferreira, do ex-Ministro de Turismo, Gilson Machado, e demais vereadores e lideran\u00e7as.<\/p>\n\n\n<figure class=\"wp-block-image size-large\"><img loading=\"lazy\" decoding=\"async\" width=\"1024\" height=\"768\" src=\"https:\/\/blogdoedvaldomagalhaes.com.br\/wp-content\/uploads\/2022\/06\/IMG-20220610-WA0094-1024x768.jpg\" alt=\"\" class=\"wp-image-84216\" srcset=\"https:\/\/blogdoedvaldomagalhaes.com.br\/wp-content\/uploads\/2022\/06\/IMG-20220610-WA0094-1024x768.jpg 1024w, https:\/\/blogdoedvaldomagalhaes.com.br\/wp-content\/uploads\/2022\/06\/IMG-20220610-WA0094-300x225.jpg 300w, https:\/\/blogdoedvaldomagalhaes.com.br\/wp-content\/uploads\/2022\/06\/IMG-20220610-WA0094-768x576.jpg 768w, https:\/\/blogdoedvaldomagalhaes.com.br\/wp-content\/uploads\/2022\/06\/IMG-20220610-WA0094-160x120.jpg 160w, https:\/\/blogdoedvaldomagalhaes.com.br\/wp-content\/uploads\/2022\/06\/IMG-20220610-WA0094.jpg 1156w\" sizes=\"auto, (max-width: 1024px) 100vw, 1024px\" \/><\/figure>\n\n\n<p style=\"text-align: justify;\">O Pastor Jos\u00e9 J\u00fanior que \u00e9 presidente da Igreja Pentecostal plenitude da Gra\u00e7a em Caruaru esteve ao lado do vereador Irm\u00e3o Ronaldo e dos seus irm\u00e3os em Cristo, foi uma noite de Muito Louvor de muita adora\u00e7\u00e3o, e o vereador irm\u00e3o Ronaldo estava muito feliz pois Caruaru \u00e9 a capital da Adora\u00e7\u00e3o.<\/p>\n\n\n<figure class=\"wp-block-image size-large\"><img loading=\"lazy\" decoding=\"async\" width=\"1024\" height=\"768\" src=\"https:\/\/blogdoedvaldomagalhaes.com.br\/wp-content\/uploads\/2022\/06\/IMG-20220610-WA0095-1024x768.jpg\" alt=\"\" class=\"wp-image-84215\" srcset=\"https:\/\/blogdoedvaldomagalhaes.com.br\/wp-content\/uploads\/2022\/06\/IMG-20220610-WA0095-1024x768.jpg 1024w, https:\/\/blogdoedvaldomagalhaes.com.br\/wp-content\/uploads\/2022\/06\/IMG-20220610-WA0095-300x225.jpg 300w, https:\/\/blogdoedvaldomagalhaes.com.br\/wp-content\/uploads\/2022\/06\/IMG-20220610-WA0095-768x576.jpg 768w, https:\/\/blogdoedvaldomagalhaes.com.br\/wp-content\/uploads\/2022\/06\/IMG-20220610-WA0095-160x120.jpg 160w, https:\/\/blogdoedvaldomagalhaes.com.br\/wp-content\/uploads\/2022\/06\/IMG-20220610-WA0095.jpg 1156w\" sizes=\"auto, (max-width: 1024px) 100vw, 1024px\" \/><\/figure>\n\n\n<p style=\"text-align: justify;\">O vereador Irm\u00e3o Ronaldo esteve presente no caf\u00e9 da manh\u00e3 junino que foi oferecido pela C\u00e2mara Municipal de Caruaru, nesta sexta-feira (10), para os servidores da Casa Jornalista Jos\u00e9 Carlos Flor\u00eancio.\u00a0<\/p>\n\n\n<figure class=\"wp-block-image size-large\"><img loading=\"lazy\" decoding=\"async\" width=\"1024\" height=\"768\" src=\"https:\/\/blogdoedvaldomagalhaes.com.br\/wp-content\/uploads\/2022\/06\/IMG-20220610-WA0092-1024x768.jpg\" alt=\"\" class=\"wp-image-84220\" srcset=\"https:\/\/blogdoedvaldomagalhaes.com.br\/wp-content\/uploads\/2022\/06\/IMG-20220610-WA0092-1024x768.jpg 1024w, https:\/\/blogdoedvaldomagalhaes.com.br\/wp-content\/uploads\/2022\/06\/IMG-20220610-WA0092-300x225.jpg 300w, https:\/\/blogdoedvaldomagalhaes.com.br\/wp-content\/uploads\/2022\/06\/IMG-20220610-WA0092-768x576.jpg 768w, https:\/\/blogdoedvaldomagalhaes.com.br\/wp-content\/uploads\/2022\/06\/IMG-20220610-WA0092-160x120.jpg 160w, https:\/\/blogdoedvaldomagalhaes.com.br\/wp-content\/uploads\/2022\/06\/IMG-20220610-WA0092.jpg 1156w\" sizes=\"auto, (max-width: 1024px) 100vw, 1024px\" \/><\/figure>\n","protected":false},"excerpt":{"rendered":"<p>O vereador irm\u00e3o Ronaldo esteve presente ontem \u00e0 noite no evento gospel, com a participa\u00e7\u00e3o dos cantores: Emerson Augusto, Regis&hellip;<\/p>\n","protected":false},"author":1,"featured_media":84214,"comment_status":"open","ping_status":"open","sticky":false,"template":"","format":"standard","meta":{"footnotes":""},"categories":[14122],"tags":[2,19532,3406,20,24852],"class_list":["post-84213","post","type-post","status-publish","format-standard","has-post-thumbnail","hentry","category-politica","tag-blog-do-edvaldo-magalhaes","tag-blog-mais-acessado-e-visualizado-de-caruaru-e-regiao","tag-caruaru","tag-politica","tag-vereador-irmao-ronaldo-prestigia-evento-gospel-ao-lado-do-prefeito-de-caruaru"],"_links":{"self":[{"href":"https:\/\/blogdoedvaldomagalhaes.com.br\/index.php\/wp-json\/wp\/v2\/posts\/84213","targetHints":{"allow":["GET"]}}],"collection":[{"href":"https:\/\/blogdoedvaldomagalhaes.com.br\/index.php\/wp-json\/wp\/v2\/posts"}],"about":[{"href":"https:\/\/blogdoedvaldomagalhaes.com.br\/index.php\/wp-json\/wp\/v2\/types\/post"}],"author":[{"embeddable":true,"href":"https:\/\/blogdoedvaldomagalhaes.com.br\/index.php\/wp-json\/wp\/v2\/users\/1"}],"replies":[{"embeddable":true,"href":"https:\/\/blogdoedvaldomagalhaes.com.br\/index.php\/wp-json\/wp\/v2\/comments?post=84213"}],"version-history":[{"count":2,"href":"https:\/\/blogdoedvaldomagalhaes.com.br\/index.php\/wp-json\/wp\/v2\/posts\/84213\/revisions"}],"predecessor-version":[{"id":84221,"href":"https:\/\/blogdoedvaldomagalhaes.com.br\/index.php\/wp-json\/wp\/v2\/posts\/84213\/revisions\/84221"}],"wp:featuredmedia":[{"embeddable":true,"href":"https:\/\/blogdoedvaldomagalhaes.com.br\/index.php\/wp-json\/wp\/v2\/media\/84214"}],"wp:attachment":[{"href":"https:\/\/blogdoedvaldomagalhaes.com.br\/index.php\/wp-json\/wp\/v2\/media?parent=84213"}],"wp:term":[{"taxonomy":"category","embeddable":true,"href":"https:\/\/blogdoedvaldomagalhaes.com.br\/index.php\/wp-json\/wp\/v2\/categories?post=84213"},{"taxonomy":"post_tag","embeddable":true,"href":"https:\/\/blogdoedvaldomagalhaes.com.br\/index.php\/wp-json\/wp\/v2\/tags?post=84213"}],"curies":[{"name":"wp","href":"https:\/\/api.w.org\/{rel}","templated":true}]}}