{"id":84210,"date":"2022-06-10T14:56:36","date_gmt":"2022-06-10T17:56:36","guid":{"rendered":"https:\/\/blogdoedvaldomagalhaes.com.br\/?p=84210"},"modified":"2022-06-10T14:56:38","modified_gmt":"2022-06-10T17:56:38","slug":"procon-caruaru-orienta-consumidores-para-o-dia-dos-namorados","status":"publish","type":"post","link":"https:\/\/blogdoedvaldomagalhaes.com.br\/index.php\/2022\/06\/10\/procon-caruaru-orienta-consumidores-para-o-dia-dos-namorados\/","title":{"rendered":"Procon Caruaru orienta consumidores para o Dia dos Namorados"},"content":{"rendered":"<p style=\"text-align: justify;\"><span style=\"font-size: inherit;\">O Dia dos Namorados, 12 de junho, se aproxima e, como de costume, os casais comemoram com presentes e jantares. Por\u00e9m, para n\u00e3o ser surpreendido, o casal deve estar atento para evitar aborrecimentos no dia dos apaixonados. A Ger\u00eancia Municipal de Prote\u00e7\u00e3o e Defesa do Consumidor &#8211; Procon Caruaru- preparou algumas dicas para orientar os consumidores da data.<\/span><\/p>\n<p style=\"text-align: justify;\">De acordo com a gerente jur\u00eddica do Procon Caruaru, Cynthia Nunes, a movimenta\u00e7\u00e3o do com\u00e9rcio, tanto na compra de presentes, como na presta\u00e7\u00e3o de servi\u00e7o, tem alta demanda nessa \u00e9poca. \u201cDesta forma, \u00e9 importante o consumidor estar bem informado e ficar atento, pois, \u00e0s vezes, na correria, acaba amargando problemas decorrentes de um produto que apresente problemas ou um servi\u00e7o prestado inadequadamente, o que tiraria o clima de romance dessa data&#8221;, alertou, Cynthia.<\/p>\n<p style=\"text-align: justify;\">Em caso de ser identificada alguma pr\u00e1tica abusiva, o consumidor deve denunciar ao Procon Caruaru pelo whatsapp (81) 9 8384-5909.<\/p>\n<p style=\"text-align: justify;\"><strong>Presentes<\/strong><\/p>\n<p style=\"text-align: justify;\">&#8211; Os valores das mercadorias devem estar expressos nas prateleiras e na vitrine;<\/p>\n<p style=\"text-align: justify;\">&#8211; O ideal \u00e9 que o consumidor saia de casa sabendo o que realmente vai comprar, assim, evita as famosas compras por impulso;<\/p>\n<p style=\"text-align: justify;\">-O consumidor deve ficar atento \u00e0 pol\u00edtica de troca do estabelecimento. Havendo possibilidade de troca, o consumidor deve exigir tal oferta por escrito;<\/p>\n<p style=\"text-align: justify;\">&#8211; O comerciante n\u00e3o pode estabelecer um valor m\u00ednimo para o pagamento via cart\u00e3o de cr\u00e9dito ou d\u00e9bito;<\/p>\n<p style=\"text-align: justify;\">&#8211; O comerciante dever\u00e1 expor, de forma clara, os valores parcelados e \u00e0 vista, dando assim a op\u00e7\u00e3o de escolha para o consumidor;<\/p>\n<p style=\"text-align: justify;\">&#8211; \u00c9 preciso saber sobre a possibilidade de troca do presente, em raz\u00e3o de cor, modelo ou tamanho. A lei s\u00f3 obriga a troca de mercadoria por v\u00edcio (defeito);<\/p>\n<p style=\"text-align: justify;\">&#8211; O ideal \u00e9 que no caso de aquisi\u00e7\u00e3o de produtos eletroeletr\u00f4nicos, o consumidor solicite que seja testado na loja. Em caso de v\u00edcio (defeito), o estabelecimento tem o prazo m\u00e1ximo de 30 dias para sanar o problema. A lei n\u00e3o garante a troca imediata;<\/p>\n<p style=\"text-align: justify;\">&#8211; Nas compras pela internet, o consumidor dever\u00e1 redobrar a aten\u00e7\u00e3o. Deve-se certificar de que a p\u00e1gina \u00e9 de confian\u00e7a. Nesses casos, conforme o C\u00f3digo do Consumidor, o cliente tem sete dias, contados ap\u00f3s o recebimento do produto ou servi\u00e7o para efetuar a troca.<\/p>\n<p style=\"text-align: justify;\"><strong>Jantar<\/strong><\/p>\n<p style=\"text-align: justify;\">&#8211; Os estabelecimentos que cobram couvert art\u00edstico devem deixar a informa\u00e7\u00e3o clara e informar ao consumidor previamente, conforme disp\u00f5e o C\u00f3digo Estadual de Defesa do Consumidor;<\/p>\n<p style=\"text-align: justify;\">&#8211; Em restaurantes com rod\u00edzio n\u00e3o \u00e9 permitida a cobran\u00e7a distinta para homem ou mulher;<\/p>\n<p style=\"text-align: justify;\">&#8211; O pagamento de gorjeta \u00e9 opcional. Caso o servi\u00e7o venha incluso na conta, o consumidor n\u00e3o precisa pag\u00e1-lo na \u00edntegra, pode dar o percentual que achar mais conveniente ou simplesmente n\u00e3o pagar pela taxa.<\/p>\n","protected":false},"excerpt":{"rendered":"<p>O Dia dos Namorados, 12 de junho, se aproxima e, como de costume, os casais comemoram com presentes e jantares.&hellip;<\/p>\n","protected":false},"author":1,"featured_media":84211,"comment_status":"open","ping_status":"open","sticky":false,"template":"","format":"standard","meta":{"footnotes":""},"categories":[14120],"tags":[2,19532,3406,24851],"class_list":["post-84210","post","type-post","status-publish","format-standard","has-post-thumbnail","hentry","category-noticias","tag-blog-do-edvaldo-magalhaes","tag-blog-mais-acessado-e-visualizado-de-caruaru-e-regiao","tag-caruaru","tag-procon-caruaru-orienta-consumidores-para-o-dia-dos-namorados"],"_links":{"self":[{"href":"https:\/\/blogdoedvaldomagalhaes.com.br\/index.php\/wp-json\/wp\/v2\/posts\/84210","targetHints":{"allow":["GET"]}}],"collection":[{"href":"https:\/\/blogdoedvaldomagalhaes.com.br\/index.php\/wp-json\/wp\/v2\/posts"}],"about":[{"href":"https:\/\/blogdoedvaldomagalhaes.com.br\/index.php\/wp-json\/wp\/v2\/types\/post"}],"author":[{"embeddable":true,"href":"https:\/\/blogdoedvaldomagalhaes.com.br\/index.php\/wp-json\/wp\/v2\/users\/1"}],"replies":[{"embeddable":true,"href":"https:\/\/blogdoedvaldomagalhaes.com.br\/index.php\/wp-json\/wp\/v2\/comments?post=84210"}],"version-history":[{"count":1,"href":"https:\/\/blogdoedvaldomagalhaes.com.br\/index.php\/wp-json\/wp\/v2\/posts\/84210\/revisions"}],"predecessor-version":[{"id":84212,"href":"https:\/\/blogdoedvaldomagalhaes.com.br\/index.php\/wp-json\/wp\/v2\/posts\/84210\/revisions\/84212"}],"wp:featuredmedia":[{"embeddable":true,"href":"https:\/\/blogdoedvaldomagalhaes.com.br\/index.php\/wp-json\/wp\/v2\/media\/84211"}],"wp:attachment":[{"href":"https:\/\/blogdoedvaldomagalhaes.com.br\/index.php\/wp-json\/wp\/v2\/media?parent=84210"}],"wp:term":[{"taxonomy":"category","embeddable":true,"href":"https:\/\/blogdoedvaldomagalhaes.com.br\/index.php\/wp-json\/wp\/v2\/categories?post=84210"},{"taxonomy":"post_tag","embeddable":true,"href":"https:\/\/blogdoedvaldomagalhaes.com.br\/index.php\/wp-json\/wp\/v2\/tags?post=84210"}],"curies":[{"name":"wp","href":"https:\/\/api.w.org\/{rel}","templated":true}]}}