{"id":8421,"date":"2016-09-04T02:10:00","date_gmt":"2016-09-04T05:10:00","guid":{"rendered":"http:\/\/blogdoedvaldomagalhaes.com.br\/index.php\/2016\/09\/04\/nautico-perde-de-virada-para-o-lanterna\/"},"modified":"2019-02-09T00:57:40","modified_gmt":"2019-02-09T02:57:40","slug":"nautico-perde-de-virada-para-o-lanterna","status":"publish","type":"post","link":"https:\/\/blogdoedvaldomagalhaes.com.br\/index.php\/2016\/09\/04\/nautico-perde-de-virada-para-o-lanterna\/","title":{"rendered":"N\u00e1utico perde de virada para o lanterna da S\u00e9rie B"},"content":{"rendered":"<div style=\"box-sizing: border-box; letter-spacing: 0.1px; line-height: 1.5em; margin-bottom: 1em; text-align: justify;\">\n<div class=\"separator\" style=\"clear: both; text-align: center;\">\n<a href=\"https:\/\/1.bp.blogspot.com\/-bZKwVAEziTI\/V8uDfIpzl4I\/AAAAAAAAFuY\/hs4E9dCp6DkVFRdwYRmK4kHUgLRkOAhLACLcB\/s1600\/nautico.jpg\" imageanchor=\"1\" style=\"margin-left: 1em; margin-right: 1em;\"><img loading=\"lazy\" decoding=\"async\" border=\"0\" height=\"271\" src=\"http:\/\/blogdoedvaldomagalhaes.com.br\/wp-content\/uploads\/2016\/09\/nautico.jpg\" width=\"400\" \/><\/a><\/div>\n<p>\nO N\u00e1utico perdeu de virada por 4&#215;3 para o Sampaio Correia, lanterna da S\u00e9rie B, na noite deste s\u00e1bado (3), no Est\u00e1dio Castel\u00e3o, em S\u00e3o Lu\u00eds-MA, em confronto v\u00e1lido pela&nbsp;23\u00aa rodada do Campeonato Brasileiro da S\u00e9rie B.<\/div>\n<div style=\"box-sizing: border-box; letter-spacing: 0.1px; line-height: 1.5em; margin-bottom: 1em; text-align: justify;\">\nO Sampaio Corr\u00eaa encerrou um jejum de vit\u00f3rias que j\u00e1 durava nove rodadas, o \u00faltimo triunfo havia ocorrido no dia 28 de junho. A Bol\u00edvia continua na lanterna da competi\u00e7\u00e3o, com 17 pontos, dez a menos que o Goi\u00e1s, primeira equipe fora da zona de rebaixamento. Logo ap\u00f3s o jogo os torcedores gritaram \u201cEu acredito\u201d, se referindo a sa\u00edda do Z4.<\/div>\n<div style=\"box-sizing: border-box; letter-spacing: 0.1px; line-height: 1.5em; margin-bottom: 1em; text-align: justify;\">\nO N\u00e1utico estaciona no nono lugar, com 31 pontos, seis abaixo do G4, grupo de classifica\u00e7\u00e3o \u00e0 S\u00e9rie A do ano que vem. O Timbu buscar\u00e1 a reabilita\u00e7\u00e3o no pr\u00f3ximo s\u00e1bado (3), \u00e0s 16h30, diante do Bahia, na Arena Pernambuco. J\u00e1 o Sampaio Corr\u00eaa tentar\u00e1 dar sequ\u00eancia \u00e0 sua rea\u00e7\u00e3o quatro dias antes, na ter\u00e7a-feira (6), \u00e0s 19h30, contra o Bragantino, no interior de S\u00e3o Paulo.<\/div>\n<div style=\"box-sizing: border-box; letter-spacing: 0.1px; line-height: 1.5em; margin-bottom: 1em; text-align: justify;\">\n&nbsp;<strong style=\"box-sizing: border-box; letter-spacing: 0.1px; line-height: 1.5em;\">FICHA T\u00c9CNICA<\/strong><\/div>\n<div style=\"box-sizing: border-box; letter-spacing: 0.1px; line-height: 1.5em; margin-bottom: 1em;\">\n<\/div>\n<div style=\"text-align: justify;\">\n<strong style=\"box-sizing: border-box; letter-spacing: 0.1px; line-height: 1.5em;\"><\/strong><\/div>\n<p><strong style=\"box-sizing: border-box; font-family: arial, helvetica, sans-serif; letter-spacing: 0.1px; line-height: 1.5em; text-align: justify;\">\u00c1rbitro:<\/strong>&nbsp;Caio Max Augusto Vieira (RN-CBF 1) .&nbsp;<\/p>\n<div style=\"text-align: justify;\">\n<div style=\"display: inline !important;\">\n<strong style=\"box-sizing: border-box; font-weight: bold; letter-spacing: 0.1px; line-height: 1.5em;\">Assistentes:&nbsp;<\/strong>Flavio Gomes Barroca (RN-CBF 1) e Vin\u00edcius Melo de Lima (RN-CBF 2)<\/div>\n<\/div>\n<p><\/p>\n<div style=\"text-align: justify;\">\n<strong style=\"box-sizing: border-box; font-weight: bold; letter-spacing: 0.1px; line-height: 1.5em;\">P\u00fablico:<\/strong>&nbsp;1.805 pagantes.&nbsp;<\/p>\n<div style=\"display: inline !important;\">\n<strong style=\"box-sizing: border-box; font-weight: bold; letter-spacing: 0.1px; line-height: 1.5em;\">Renda:<\/strong>&nbsp;R$ 15.620,00<\/div>\n<\/div>\n<div style=\"text-align: justify;\">\n<strong style=\"box-sizing: border-box; font-weight: bold; letter-spacing: 0.1px; line-height: 1.5em;\">Cart\u00e3o Amarelo:&nbsp;<\/strong>Joazi, Adalberto e Hugo (N\u00e1utico); Rayllan e Pimentinha (Sampaio Corr\u00eaa)<b>.<\/b><\/div>\n<p><\/p>\n<div style=\"box-sizing: border-box; letter-spacing: 0.1px; line-height: 1.5em; margin-bottom: 1em; text-align: justify;\">\nGols: SAMPAIO CORR\u00caA: Pimentinha, aos 35 minutos do primeiro tempo, e aos 30 minutos do segundo tempo; Elias, aos 26 e 28 minutos do segundo tempo<\/div>\n<div style=\"box-sizing: border-box; letter-spacing: 0.1px; line-height: 1.5em; margin-bottom: 1em; text-align: justify;\">\nN\u00c1UTICO: Vin\u00edcius, aos 16 minutos do primeiro tempo, e aos dois minutos do segundo tempo; Igor Rabello, aos 37 minutos do segundo tempo<\/div>\n<div style=\"box-sizing: border-box; letter-spacing: 0.1px; line-height: 1.5em; margin-bottom: 1em;\">\n<\/div>\n<div style=\"text-align: justify;\">\n<strong style=\"box-sizing: border-box; letter-spacing: 0.1px; line-height: 1.5em;\">SAMPAIO CORR\u00caA:<\/strong>&nbsp;Rodrigo Ramos; Guilherme Lucena, W\u00e1gner Fogolari, \u00c9der Sciola e Renan Lu\u00eds; Diogo Orlando, T\u00e1ssio, Enercino (Jean Carlos) e Rayllan (Gustavo Marmentini); Elias e Pimentinha (Felipe Baiano).&nbsp;<strong style=\"box-sizing: border-box; letter-spacing: 0.1px; line-height: 1.5em;\">T\u00e9cnico:<\/strong>&nbsp;Fl\u00e1vio Ara\u00fajo<\/div>\n<p><\/p>\n<div style=\"box-sizing: border-box; letter-spacing: 0.1px; line-height: 1.5em; margin-bottom: 1em;\">\n<\/div>\n<div style=\"text-align: justify;\">\n<strong style=\"box-sizing: border-box; letter-spacing: 0.1px; line-height: 1.5em;\">N\u00c1UTICO:<\/strong>&nbsp;Rodoplho; Joazi (Yuri Mamute), Igor Rabello, Adalberto e Gast\u00f3n Filgueira; Negretti, Maylson (Rodrigo Souza) e Vin\u00edcius; Hayner &nbsp;(Hugo), Rony e Jefferson Nem.&nbsp;<strong style=\"box-sizing: border-box; letter-spacing: 0.1px; line-height: 1.5em;\">T\u00e9cnico:<\/strong>&nbsp;Alexandre Gallo<\/div>\n","protected":false},"excerpt":{"rendered":"<p>O N\u00e1utico perdeu de virada por 4&#215;3 para o Sampaio Correia, lanterna da S\u00e9rie B, na noite deste s\u00e1bado (3),&hellip;<\/p>\n","protected":false},"author":1,"featured_media":0,"comment_status":"open","ping_status":"open","sticky":false,"template":"","format":"standard","meta":{"footnotes":""},"categories":[1],"tags":[12466,2,12467,3,12468,12469],"class_list":["post-8421","post","type-post","status-publish","format-standard","hentry","category-sem-categoria","tag-alexandre-gallo","tag-blog-do-edvaldo-magalhaes","tag-flavio-araujo","tag-futebol","tag-nautico-perde-de-virada-para-o-lanterna-da-serie-b","tag-sampaio-correia"],"_links":{"self":[{"href":"https:\/\/blogdoedvaldomagalhaes.com.br\/index.php\/wp-json\/wp\/v2\/posts\/8421","targetHints":{"allow":["GET"]}}],"collection":[{"href":"https:\/\/blogdoedvaldomagalhaes.com.br\/index.php\/wp-json\/wp\/v2\/posts"}],"about":[{"href":"https:\/\/blogdoedvaldomagalhaes.com.br\/index.php\/wp-json\/wp\/v2\/types\/post"}],"author":[{"embeddable":true,"href":"https:\/\/blogdoedvaldomagalhaes.com.br\/index.php\/wp-json\/wp\/v2\/users\/1"}],"replies":[{"embeddable":true,"href":"https:\/\/blogdoedvaldomagalhaes.com.br\/index.php\/wp-json\/wp\/v2\/comments?post=8421"}],"version-history":[{"count":1,"href":"https:\/\/blogdoedvaldomagalhaes.com.br\/index.php\/wp-json\/wp\/v2\/posts\/8421\/revisions"}],"predecessor-version":[{"id":12056,"href":"https:\/\/blogdoedvaldomagalhaes.com.br\/index.php\/wp-json\/wp\/v2\/posts\/8421\/revisions\/12056"}],"wp:attachment":[{"href":"https:\/\/blogdoedvaldomagalhaes.com.br\/index.php\/wp-json\/wp\/v2\/media?parent=8421"}],"wp:term":[{"taxonomy":"category","embeddable":true,"href":"https:\/\/blogdoedvaldomagalhaes.com.br\/index.php\/wp-json\/wp\/v2\/categories?post=8421"},{"taxonomy":"post_tag","embeddable":true,"href":"https:\/\/blogdoedvaldomagalhaes.com.br\/index.php\/wp-json\/wp\/v2\/tags?post=8421"}],"curies":[{"name":"wp","href":"https:\/\/api.w.org\/{rel}","templated":true}]}}