{"id":84204,"date":"2022-06-10T14:21:35","date_gmt":"2022-06-10T17:21:35","guid":{"rendered":"https:\/\/blogdoedvaldomagalhaes.com.br\/?p=84204"},"modified":"2022-06-10T14:41:03","modified_gmt":"2022-06-10T17:41:03","slug":"principal-causa-de-transplantes-de-cornea-ceratocone-pode-ser-evitado-com-diagnostico-precoce","status":"publish","type":"post","link":"https:\/\/blogdoedvaldomagalhaes.com.br\/index.php\/2022\/06\/10\/principal-causa-de-transplantes-de-cornea-ceratocone-pode-ser-evitado-com-diagnostico-precoce\/","title":{"rendered":"Principal causa de transplantes de c\u00f3rnea, ceratocone pode ser evitado com diagn\u00f3stico precoce"},"content":{"rendered":"<p style=\"text-align: justify;\">Se voc\u00ea tem o costume de co\u00e7ar os olhos, precisa ficar alerta. O h\u00e1bito pode ser um fator de risco do ceratocone, doen\u00e7a ocular que \u00e9 a maior causa de transplantes de c\u00f3rnea. De acordo com o Conselho Brasileiro de Oftalmologia (CBO), a cada 100 mil pessoas no mundo, de 4 a 600 delas desenvolvem a doen\u00e7a. Geralmente, ele se manifesta primeiramente na adolesc\u00eancia, entre os 13 e 18 anos de idade do paciente, sendo frequentemente bilateral: em 90% dos casos ambos os olhos apresentam ceratocone.<\/p>\n<p style=\"text-align: justify;\">A oftalmologista Manuela Cordeiro, do Hospital de Olhos Santa Luzia, defende a import\u00e2ncia do diagn\u00f3stico precoce. &#8220;O ceratocone \u00e9 uma doen\u00e7a que se n\u00e3o for diagnosticada precocemente pode gerar uma baixa visual importante. O pico de progress\u00e3o m\u00e1xima dessa doen\u00e7a \u00e9 geralmente na adolesc\u00eancia, ent\u00e3o a gente t\u00e1 falando de pessoas jovens que podem ficar cegas&#8221;, afirma.<\/p>\n<p style=\"text-align: justify;\">Os adolescentes e os jovens adultos se tornam ainda mais vulner\u00e1veis por n\u00e3o irem tanto ao oftalmologista. Uma pesquisa do IBOPE mostrou que uma a cada cinco pessoas entre 18 a 24 anos nunca foi ao oftalmologista (21%). \u201cO ceratocone pode aparecer num paciente que tem queixa de baixa vis\u00e3o, mas \u00e1s vezes o paciente nem se queixa de baixa visual&#8221;, adverte a oftalmologista.<\/p>\n<p style=\"text-align: justify;\">O ceratocone \u00e9 uma deforma\u00e7\u00e3o na c\u00f3rnea que cria uma &#8220;pontinha&#8221; em formato de cone, na parte frontal do olho. Sua principal caracter\u00edstica \u00e9 o afinamento na estrutura da c\u00f3rnea e um aumento na sua curvatura. Caso seja diagnosticado no in\u00edcio, a doen\u00e7a tem tratamento, com uso de \u00f3culos ou lentes de contato, ou, em \u00faltimo caso, o transplante de c\u00f3rnea.<\/p>\n<p style=\"text-align: justify;\">Outra alternativa no combate ao ceratocone \u00e9 o chamado crosslinking. \u201c\u00c9 um procedimento que utiliza luz ultravioleta e riboflavina. Ele aumenta as liga\u00e7\u00f5es entre as fibras da c\u00f3rnea e deixa a c\u00f3rnea do paciente mais r\u00edgida. Porque o que acontece com ceratocone \u00e9 que a c\u00f3rnea fica enfraquecida, \u00e9 como se ela fosse, digamos assim, um \u2018papel manteiga\u2019 e o tratamento transforma a c\u00f3rnea em uma \u2018cartolina\u2019. Geralmente s\u00f3 precisa fazer uma vez na vida&#8221;, explica a oftalmologista Manuela Cordeiro.<\/p>\n<p style=\"text-align: justify;\">A pandemia da Covid-19 tamb\u00e9m contribuiu para dificultar o diagn\u00f3stico precoce do ceratocone. E at\u00e9 mesmo os transplantes foram prejudicados na pandemia, j\u00e1 que em 2020 este tipo de cirurgia caiu praticamente pela metade. Naquele ano, o pa\u00eds registrou 7,1 mil transplantes de c\u00f3rnea ante 14,9 mil em 2019, segundo a Associa\u00e7\u00e3o Brasileira de Transplante de \u00d3rg\u00e3os (ABTO). Com o n\u00famero de capta\u00e7\u00f5es e transplantes em queda, a institui\u00e7\u00e3o aponta que a fila de espera para o transplante cresceu 80%.<\/p>\n<p style=\"text-align: justify;\">&#8220;Durante a pandemia, algumas pessoas deixaram de fazer acompanhamento e n\u00e3o conseguiram estabilizar a doen\u00e7a numa fase mais precoce, e a\u00ed podem chegar a necessitar de um transplante. Se um paciente for acompanhado precocemente, dificilmente ele vai precisar de transplante&#8221;, finaliza Manuela.<\/p>\n<p style=\"text-align: justify;\"><strong>Junho Violeta<\/strong><\/p>\n<p style=\"text-align: justify;\">O Junho Violeta \u00e9 um m\u00eas focado em conscientizar a popula\u00e7\u00e3o sobre o ceratocone e chamar a aten\u00e7\u00e3o para a preven\u00e7\u00e3o da doen\u00e7a. Um dos principais objetivos da campanha \u00e9 alertar a popula\u00e7\u00e3o sobre o risco de co\u00e7ar excessivamente os olhos e refor\u00e7ar a import\u00e2ncia de manter uma rotina de consultas com um oftalmologista e detectar qualquer problema ainda no est\u00e1gio inicial.<\/p>\n<p style=\"text-align: justify;\"><strong>Sintomas<\/strong><\/p>\n<p style=\"text-align: justify;\">Alguns sintomas mais caracter\u00edsticos podem ser destacados:<br \/>\n&#8211; Fotofobia (sensibilidade \u00e0 luz);<br \/>\n&#8211; Irrita\u00e7\u00e3o;<br \/>\n&#8211; Ofuscamento;<br \/>\n&#8211; Imagens duplas;<br \/>\n&#8211; Emba\u00e7amento e distor\u00e7\u00f5es moderadas;<br \/>\n&#8211; Dificuldade para enxergar \u00e0 noite.<\/p>\n","protected":false},"excerpt":{"rendered":"<p>Se voc\u00ea tem o costume de co\u00e7ar os olhos, precisa ficar alerta. O h\u00e1bito pode ser um fator de risco&hellip;<\/p>\n","protected":false},"author":1,"featured_media":84205,"comment_status":"open","ping_status":"open","sticky":false,"template":"","format":"standard","meta":{"footnotes":""},"categories":[14120],"tags":[2,3406,24850],"class_list":["post-84204","post","type-post","status-publish","format-standard","has-post-thumbnail","hentry","category-noticias","tag-blog-do-edvaldo-magalhaes","tag-caruaru","tag-principal-causa-de-transplantes-de-cornea-ceratocone-pode-ser-evitado-com-diagnostico-precoce"],"_links":{"self":[{"href":"https:\/\/blogdoedvaldomagalhaes.com.br\/index.php\/wp-json\/wp\/v2\/posts\/84204","targetHints":{"allow":["GET"]}}],"collection":[{"href":"https:\/\/blogdoedvaldomagalhaes.com.br\/index.php\/wp-json\/wp\/v2\/posts"}],"about":[{"href":"https:\/\/blogdoedvaldomagalhaes.com.br\/index.php\/wp-json\/wp\/v2\/types\/post"}],"author":[{"embeddable":true,"href":"https:\/\/blogdoedvaldomagalhaes.com.br\/index.php\/wp-json\/wp\/v2\/users\/1"}],"replies":[{"embeddable":true,"href":"https:\/\/blogdoedvaldomagalhaes.com.br\/index.php\/wp-json\/wp\/v2\/comments?post=84204"}],"version-history":[{"count":4,"href":"https:\/\/blogdoedvaldomagalhaes.com.br\/index.php\/wp-json\/wp\/v2\/posts\/84204\/revisions"}],"predecessor-version":[{"id":84209,"href":"https:\/\/blogdoedvaldomagalhaes.com.br\/index.php\/wp-json\/wp\/v2\/posts\/84204\/revisions\/84209"}],"wp:featuredmedia":[{"embeddable":true,"href":"https:\/\/blogdoedvaldomagalhaes.com.br\/index.php\/wp-json\/wp\/v2\/media\/84205"}],"wp:attachment":[{"href":"https:\/\/blogdoedvaldomagalhaes.com.br\/index.php\/wp-json\/wp\/v2\/media?parent=84204"}],"wp:term":[{"taxonomy":"category","embeddable":true,"href":"https:\/\/blogdoedvaldomagalhaes.com.br\/index.php\/wp-json\/wp\/v2\/categories?post=84204"},{"taxonomy":"post_tag","embeddable":true,"href":"https:\/\/blogdoedvaldomagalhaes.com.br\/index.php\/wp-json\/wp\/v2\/tags?post=84204"}],"curies":[{"name":"wp","href":"https:\/\/api.w.org\/{rel}","templated":true}]}}