{"id":8420,"date":"2016-09-04T03:05:00","date_gmt":"2016-09-04T06:05:00","guid":{"rendered":"http:\/\/blogdoedvaldomagalhaes.com.br\/index.php\/2016\/09\/04\/agenda-dos-candidatos-prefeito-de_4\/"},"modified":"2019-02-09T00:57:40","modified_gmt":"2019-02-09T02:57:40","slug":"agenda-dos-candidatos-prefeito-de_4","status":"publish","type":"post","link":"https:\/\/blogdoedvaldomagalhaes.com.br\/index.php\/2016\/09\/04\/agenda-dos-candidatos-prefeito-de_4\/","title":{"rendered":"Agenda dos candidatos a prefeito de Caruaru neste domingo (4)"},"content":{"rendered":"<div class=\"MsoNormal\" style=\"background-color: white; color: #222222; margin-bottom: 0.0001pt;\">\n<div style=\"text-align: justify;\">\n<div class=\"separator\" style=\"clear: both; text-align: center;\">\n<a href=\"https:\/\/2.bp.blogspot.com\/-kHGm69mSQF0\/V8uQ4PnkMfI\/AAAAAAAAFuo\/UzNiag3-YasTEldC8kiIXBrxdhQkDy6OwCLcB\/s1600\/agenda.jpg\" imageanchor=\"1\" style=\"margin-left: 1em; margin-right: 1em;\"><img loading=\"lazy\" decoding=\"async\" border=\"0\" height=\"295\" src=\"http:\/\/blogdoedvaldomagalhaes.com.br\/wp-content\/uploads\/2016\/09\/agenda-3.jpg\" width=\"400\" \/><\/a><\/div>\n<p><b><br \/><\/b><br \/>\n<b>Jefferson Abra\u00e3o (PCB)<\/b><\/div>\n<\/div>\n<div class=\"MsoNormal\" style=\"background-color: white; color: #222222; margin-bottom: 0.0001pt;\">\n<div style=\"text-align: justify;\">\n<b><br \/><\/b><\/div>\n<\/div>\n<div class=\"MsoNormal\" style=\"background-color: white; color: #222222; margin-bottom: 0.0001pt;\">\n<div style=\"text-align: justify;\">\n<b>7h &#8211; <\/b>Visita a feira da Boa Vista<\/div>\n<\/div>\n<div class=\"MsoNormal\" style=\"background-color: white; color: #222222; margin-bottom: 0.0001pt;\">\n<div style=\"text-align: justify;\">\n<\/div>\n<\/div>\n<div class=\"MsoNormal\" style=\"background-color: white; color: #222222; margin-bottom: 0.0001pt;\">\n<div style=\"text-align: justify;\">\n<b>Erick Lessa (PR)<\/b><\/div>\n<\/div>\n<div class=\"MsoNormal\" style=\"background-color: white; color: #222222; margin-bottom: 0.0001pt;\">\n<div style=\"text-align: justify;\">\n<b><br \/><\/b><\/div>\n<\/div>\n<div class=\"MsoNormal\" style=\"background-color: white; color: #222222; margin-bottom: 0.0001pt;\">\n<div style=\"text-align: justify;\">\n<b>7h &nbsp; &#8211;<\/b> Visita \u00e0 feira do bairro Rendeiras<\/div>\n<\/div>\n<div class=\"MsoNormal\" style=\"background-color: white; color: #222222; margin-bottom: 0.0001pt;\">\n<div style=\"text-align: justify;\">\n<b>15h &#8211;<\/b> Visita \u00e0 Vila do Aeroporto<\/div>\n<\/div>\n<div class=\"MsoNormal\" style=\"background-color: white; color: #222222; margin-bottom: 0.0001pt;\">\n<div style=\"text-align: justify;\">\n<b>18h &#8211;<\/b> Visita a Igreja Batista Rheman\u00e1<\/div>\n<\/div>\n<div class=\"MsoNormal\" style=\"background-color: white; color: #222222; margin-bottom: 0.0001pt;\">\n<div style=\"text-align: justify;\">\n<b>20h &#8211; <\/b>Visita \u00e0 Igreja Assembvl\u00e9ia de DeusMadureira, do bairro Sol Poente<\/div>\n<\/div>\n<div class=\"MsoNormal\" style=\"background-color: white; color: #222222; margin-bottom: 0.0001pt;\">\n<div style=\"text-align: justify;\">\n<b>22h &#8211; <\/b>Reuni\u00e3o com a coordena\u00e7\u00e3o de campanha<\/div>\n<\/div>\n<div class=\"MsoNormal\" style=\"background-color: white; color: #222222; margin-bottom: 0.0001pt;\">\n<div style=\"text-align: justify;\">\n<b><br \/><\/b><\/div>\n<\/div>\n<div class=\"MsoNormal\" style=\"background-color: white; color: #222222; margin-bottom: 0.0001pt;\">\n<div style=\"text-align: justify;\">\n<b>Jorge Gomes (PSB)<\/b><\/div>\n<\/div>\n<div class=\"MsoNormal\" style=\"background-color: white; color: #222222; margin-bottom: 0.0001pt;\">\n<div style=\"text-align: justify;\">\n<b><br \/><\/b><\/div>\n<\/div>\n<div class=\"MsoNormal\" style=\"background-color: white; color: #222222; margin-bottom: 0.0001pt;\">\n<div style=\"text-align: justify;\">\n<b>7h &nbsp; &#8211;<\/b>&nbsp;visita \u00e0 feira livre do Salgado<\/div>\n<\/div>\n<div class=\"MsoNormal\" style=\"background-color: white; color: #222222; margin-bottom: 0.0001pt;\">\n<div style=\"text-align: justify;\">\n<b>11h &#8211;<\/b>&nbsp;porta a porta no S\u00edtio Pau Santo<\/div>\n<\/div>\n<div class=\"MsoNormal\" style=\"background-color: white; margin-bottom: 0.0001pt;\">\n<div style=\"color: #222222;\">\n<div style=\"text-align: justify;\">\n<b>14h &#8211;<\/b>&nbsp;Carreata 40 (concentra\u00e7\u00e3o na Av. Rui Barbosa)<\/div>\n<\/div>\n<div style=\"color: #222222;\">\n<div style=\"text-align: justify;\">\n<\/div>\n<\/div>\n<div style=\"text-align: justify;\">\n<b>Raquel Lyra (PSDB)<\/b><\/div>\n<div style=\"color: #222222;\">\n<div style=\"text-align: justify;\">\n<\/div>\n<\/div>\n<div style=\"color: #222222;\">\n<\/div>\n<div style=\"text-align: justify;\">\n<b style=\"color: #222222;\">8h <\/b>&#8211; Inicia agenda na zona rural de Caruaru. Ela visita o 4\u00ba Distrito, passando por Xique Xique, Marias Claras, Lajedo do Capim, Lajedo do Cedro e Xicuru, durante todo dia.<\/div>\n<div style=\"text-align: justify;\">\n<\/div>\n<div style=\"text-align: justify;\">\n<b>Tony Gel (PMDB)<\/b><br \/>\n<b><br \/><\/b><br \/>\n<b>07h &#8211; <\/b>Visita a feira da Boa Vista<br \/>\n<b>09h &#8211; <\/b>Encontro com moradores do Caldeir\u00e3o<br \/>\n<b>11h &#8211; <\/b>Visita a Malhada de Barreiras Queimadas<br \/>\n<b>14h &#8211; <\/b>Encontro com moradores do Xicuru<br \/>\n<b>17h &#8211; <\/b>Inaugura\u00e7\u00e3o do comit\u00ea de candidato a vereador em Lages<\/p>\n<p>Os candidatos Rivaldo Soares (PHS) e Eduardo Guerra (PSOL), n\u00e3o enviaram agendas.<\/p><\/div>\n<\/div>\n","protected":false},"excerpt":{"rendered":"<p>Jefferson Abra\u00e3o (PCB) 7h &#8211; Visita a feira da Boa Vista Erick Lessa (PR) 7h &nbsp; &#8211; Visita \u00e0 feira&hellip;<\/p>\n","protected":false},"author":1,"featured_media":0,"comment_status":"open","ping_status":"open","sticky":false,"template":"","format":"standard","meta":{"footnotes":""},"categories":[1],"tags":[12464,2,11977,9402,12465,5151,20,1229,11979,995],"class_list":["post-8420","post","type-post","status-publish","format-standard","hentry","category-sem-categoria","tag-agenda-dos-candidatos-a-prefeito-de-caruaru-neste-domingo-4","tag-blog-do-edvaldo-magalhaes","tag-eduardo-guerra","tag-erick-lessa","tag-jefferson-abrao","tag-jorge-gomes","tag-politica","tag-raquel-lyra","tag-rivaldo-soares","tag-tony-gel"],"_links":{"self":[{"href":"https:\/\/blogdoedvaldomagalhaes.com.br\/index.php\/wp-json\/wp\/v2\/posts\/8420","targetHints":{"allow":["GET"]}}],"collection":[{"href":"https:\/\/blogdoedvaldomagalhaes.com.br\/index.php\/wp-json\/wp\/v2\/posts"}],"about":[{"href":"https:\/\/blogdoedvaldomagalhaes.com.br\/index.php\/wp-json\/wp\/v2\/types\/post"}],"author":[{"embeddable":true,"href":"https:\/\/blogdoedvaldomagalhaes.com.br\/index.php\/wp-json\/wp\/v2\/users\/1"}],"replies":[{"embeddable":true,"href":"https:\/\/blogdoedvaldomagalhaes.com.br\/index.php\/wp-json\/wp\/v2\/comments?post=8420"}],"version-history":[{"count":1,"href":"https:\/\/blogdoedvaldomagalhaes.com.br\/index.php\/wp-json\/wp\/v2\/posts\/8420\/revisions"}],"predecessor-version":[{"id":12058,"href":"https:\/\/blogdoedvaldomagalhaes.com.br\/index.php\/wp-json\/wp\/v2\/posts\/8420\/revisions\/12058"}],"wp:attachment":[{"href":"https:\/\/blogdoedvaldomagalhaes.com.br\/index.php\/wp-json\/wp\/v2\/media?parent=8420"}],"wp:term":[{"taxonomy":"category","embeddable":true,"href":"https:\/\/blogdoedvaldomagalhaes.com.br\/index.php\/wp-json\/wp\/v2\/categories?post=8420"},{"taxonomy":"post_tag","embeddable":true,"href":"https:\/\/blogdoedvaldomagalhaes.com.br\/index.php\/wp-json\/wp\/v2\/tags?post=8420"}],"curies":[{"name":"wp","href":"https:\/\/api.w.org\/{rel}","templated":true}]}}