{"id":842,"date":"2018-10-31T13:40:00","date_gmt":"2018-10-31T15:40:00","guid":{"rendered":"http:\/\/blogdoedvaldomagalhaes.com.br\/index.php\/2018\/10\/31\/chapa-oab-e-dos-advogados-sera-lancada\/"},"modified":"2019-02-09T02:37:40","modified_gmt":"2019-02-09T04:37:40","slug":"chapa-oab-e-dos-advogados-sera-lancada","status":"publish","type":"post","link":"https:\/\/blogdoedvaldomagalhaes.com.br\/index.php\/2018\/10\/31\/chapa-oab-e-dos-advogados-sera-lancada\/","title":{"rendered":"Chapa \u201cA OAB \u00e9 dos Advogados\u201d ser\u00e1 lan\u00e7ada oficialmente nesta quarta-feira (31)"},"content":{"rendered":"<div class=\"separator\" style=\"clear: both; text-align: center;\">\n<a href=\"https:\/\/2.bp.blogspot.com\/-39B0l_mc5xU\/W9mwyThhyVI\/AAAAAAAA8ss\/JX_b4fAOn_cm7YY7pNnKOyRRAsAisLwJwCLcBGAs\/s1600\/oab%2B1.jpg\" imageanchor=\"1\" style=\"margin-left: 1em; margin-right: 1em;\"><img loading=\"lazy\" decoding=\"async\" border=\"0\" data-original-height=\"660\" data-original-width=\"660\" height=\"640\" src=\"http:\/\/blogdoedvaldomagalhaes.com.br\/wp-content\/uploads\/2018\/10\/oab1.jpg\" width=\"640\" \/><\/a><\/div>\n<div style=\"background-color: white; border: 0px; margin-bottom: 1.5em; outline: 0px; padding: 0px; text-align: justify; vertical-align: baseline;\">\n<\/div>\n<div style=\"background-color: white; border: 0px; margin-bottom: 1.5em; outline: 0px; padding: 0px; text-align: justify; vertical-align: baseline;\">\nOs integrantes da Chapa &#8220;A OAB \u00e9 dos Advogados\u201d lan\u00e7am, oficialmente, nesta quarta-feira (31\/10), a candidatura de Artur Ramos \u00e0 presid\u00eancia da OAB Subseccional Caruaru, para o tri\u00eanio 2019\/2021. O coquetel ser\u00e1 no Comit\u00ea da campanha, montado na Avenida Agamenon Magalh\u00e3es, n\u00ba 1.200 (Fullano Hall), \u00e0s 20h.<\/div>\n<div style=\"background-color: white; border: 0px; margin-bottom: 1.5em; outline: 0px; padding: 0px; text-align: justify; vertical-align: baseline;\">\nArtur Ramos encabe\u00e7a a diretoria que tem os advogados Thiago Lima como candidato a vice-presidente, Gustavo Galv\u00e3o como secret\u00e1rio-geral, Tereza Silva como tesoureira e Thiago Pessoa como secret\u00e1rio-adjunto. Al\u00e9m da diretoria, a chapa cont\u00e9m 27 integrantes que formam o conselho, todos advogados militantes.<\/div>\n<div style=\"background-color: white; border: 0px; margin-bottom: 1.5em; outline: 0px; padding: 0px; text-align: justify; vertical-align: baseline;\">\nEntre as propostas da chapa est\u00e3o a uni\u00e3o da classe, a defesa das prerrogativas e a constru\u00e7\u00e3o da nova sede. Estes ser\u00e3o alguns dos assuntos que ser\u00e3o abordados durante o coquetel que contar\u00e1 com a presen\u00e7a de diversos advogados. \u201cConvidamos todos os advogados e advogadas de Caruaru e das cidades que fazem parte da Subseccional Caruaru para conhecerem a nossa diretoria, os nossos conselheiros e as nossas propostas para que possamos fazer um movimento de uni\u00e3o e fortalecimento da classe a partir deste pontap\u00e9 inicial de nossa campanha\u201d, enfatiza Artur Ramos, candidato a presidente da OAB Caruaru.<\/div>\n","protected":false},"excerpt":{"rendered":"<p>Os integrantes da Chapa &#8220;A OAB \u00e9 dos Advogados\u201d lan\u00e7am, oficialmente, nesta quarta-feira (31\/10), a candidatura de Artur Ramos \u00e0&hellip;<\/p>\n","protected":false},"author":1,"featured_media":0,"comment_status":"open","ping_status":"open","sticky":false,"template":"","format":"standard","meta":{"footnotes":""},"categories":[1],"tags":[2,786,6],"class_list":["post-842","post","type-post","status-publish","format-standard","hentry","category-sem-categoria","tag-blog-do-edvaldo-magalhaes","tag-chapa-a-oab-e-dos-advogados-sera-lancada-oficialmente-nesta-quarta-feira-31","tag-noticias"],"_links":{"self":[{"href":"https:\/\/blogdoedvaldomagalhaes.com.br\/index.php\/wp-json\/wp\/v2\/posts\/842","targetHints":{"allow":["GET"]}}],"collection":[{"href":"https:\/\/blogdoedvaldomagalhaes.com.br\/index.php\/wp-json\/wp\/v2\/posts"}],"about":[{"href":"https:\/\/blogdoedvaldomagalhaes.com.br\/index.php\/wp-json\/wp\/v2\/types\/post"}],"author":[{"embeddable":true,"href":"https:\/\/blogdoedvaldomagalhaes.com.br\/index.php\/wp-json\/wp\/v2\/users\/1"}],"replies":[{"embeddable":true,"href":"https:\/\/blogdoedvaldomagalhaes.com.br\/index.php\/wp-json\/wp\/v2\/comments?post=842"}],"version-history":[{"count":1,"href":"https:\/\/blogdoedvaldomagalhaes.com.br\/index.php\/wp-json\/wp\/v2\/posts\/842\/revisions"}],"predecessor-version":[{"id":35419,"href":"https:\/\/blogdoedvaldomagalhaes.com.br\/index.php\/wp-json\/wp\/v2\/posts\/842\/revisions\/35419"}],"wp:attachment":[{"href":"https:\/\/blogdoedvaldomagalhaes.com.br\/index.php\/wp-json\/wp\/v2\/media?parent=842"}],"wp:term":[{"taxonomy":"category","embeddable":true,"href":"https:\/\/blogdoedvaldomagalhaes.com.br\/index.php\/wp-json\/wp\/v2\/categories?post=842"},{"taxonomy":"post_tag","embeddable":true,"href":"https:\/\/blogdoedvaldomagalhaes.com.br\/index.php\/wp-json\/wp\/v2\/tags?post=842"}],"curies":[{"name":"wp","href":"https:\/\/api.w.org\/{rel}","templated":true}]}}