{"id":84198,"date":"2022-06-10T13:29:08","date_gmt":"2022-06-10T16:29:08","guid":{"rendered":"https:\/\/blogdoedvaldomagalhaes.com.br\/?p=84198"},"modified":"2022-06-10T13:36:27","modified_gmt":"2022-06-10T16:36:27","slug":"confira-shows-e-horarios-neste-fim-de-semana-no-sao-joao-de-caruaru","status":"publish","type":"post","link":"https:\/\/blogdoedvaldomagalhaes.com.br\/index.php\/2022\/06\/10\/confira-shows-e-horarios-neste-fim-de-semana-no-sao-joao-de-caruaru\/","title":{"rendered":"Confira shows e hor\u00e1rios neste fim de semana no S\u00e3o Jo\u00e3o de Caruaru"},"content":{"rendered":"<p style=\"text-align: justify;\"><span style=\"font-size: inherit;\">O S\u00e3o Jo\u00e3o do Reencontro, em Caruaru, vem ainda maior no segundo fim de semana de festa. Al\u00e9m dos polos j\u00e1 inaugurados, o S\u00e3o Jo\u00e3o na Ro\u00e7a abrilhanta os festejos em duas localidades da zona rural. De sexta (10) a domingo (12), quase cem apresenta\u00e7\u00f5es culturais poder\u00e3o ser vistas pelo p\u00fablico nos mais de dez polos espalhados pela cidade. No s\u00e1bado (11), ser\u00e1 realizada a primeira matin\u00ea desta edi\u00e7\u00e3o, com o cantor Bell Marques.<\/span><\/p>\n<p style=\"text-align: justify;\">Sexta (10) &#8211; A festa come\u00e7a \u00e0s 13h no Polo Casa Rosa, localizado no Parque 18 de maio. Sivonaldo Max e Tuta Filho animam a Casa. \u00c0s 19h, \u00e9 iniciada a programa\u00e7\u00e3o dos Polos do Repente, Cinema e Alpendre do Forr\u00f3, com a presen\u00e7a de Ivanildo Silva, Luciano Leonel, Ivaldo Cordelista, dentre outros. Tamb\u00e9m \u00e0s 19h, a crian\u00e7ada se diverte no Polo Infantil, com recrea\u00e7\u00e3o e a cantora Rosimar Lemos. O Polo das Quadrilhas e o Polo Camar\u00e3o tamb\u00e9m iniciam as apresenta\u00e7\u00f5es a partir das 19h. Por l\u00e1, passam o grupo de dan\u00e7a Cavalo Marinho Estrela de Ouro, Danilo Pernambucano, al\u00e9m de Geraldo Cardoso e as bandas Bai\u00e3o de Dois Nordestina e Fogo e Forr\u00f3. Na zona rural, a anima\u00e7\u00e3o fica por conta do S\u00e3o Jo\u00e3o na Ro\u00e7a em Lajes. A partir das 19h, sobem ao palco o Trio Brilho da Terra, Quadrilha Mistura Matuta, Banda Alternativa e Forr\u00f3 na M\u00eddia. Na Esta\u00e7\u00e3o, o Polo Juarez Santiago recebe os trios Forr\u00f3 Encantado, Caf\u00e9 com Leite e Forr\u00f3 D+ e o cantor Alberto Zafran, tamb\u00e9m a partir das 20h. A m\u00fasica no P\u00e1tio do Forr\u00f3 fica por conta do cantor Renan Cruz, da banda Toca do Vale e das irm\u00e3s Simone e Simaria. Os shows come\u00e7am \u00e0s 20h.<\/p>\n<p style=\"text-align: justify;\">S\u00e1bado (11) \u2013 A partir do meio-dia, o forr\u00f3 rola solto no Alto do Moura, point de grande p\u00fablico durante o dia na Capital do Forr\u00f3. L\u00e1, no Polo Mestre Vitalino, tocam Pedrinho do Acordeon, \u00c9lida Mendon\u00e7a, Maestro Forr\u00f3 e Fole Assoprado e Helton Lima. \u00c0s 13h, tamb\u00e9m tem muito forr\u00f3 no Polo Casa Rosa, com Bita Dantas e F\u00e1bio Duarte. A partir das 17h, o Polo Infantil oferece recrea\u00e7\u00e3o e os shows de Dom Dom e Mateus e Katilinda. No Polo Juarez Santiago, os trios Mil\u00eanio, Fu\u00e1, Forr\u00f3 Bom e Ch\u00e1 de Lim\u00e3o e o cantor Luiz Adriano iniciam seus shows \u00e0s 17h. J\u00e1 as atra\u00e7\u00f5es do Polo do Repente, Cinema e Alpendre do Forr\u00f3 come\u00e7am a se apresentar \u00e0s 18h. Nomes como Oleg\u00e1rio Filho, Jo\u00e3o L\u00eddio, Barra Mansa, Renilda Cardoso e Joana Ang\u00e9lica passam por l\u00e1. \u00c0s 19h, \u00e9 a vez do XXV Festival de Quadrilhas Estilizadas, que abre o Polo das Quadrilhas e o Polo Camar\u00e3o. Apresentam-se, ainda, Marlene do Forr\u00f3 e Marcelo Rossiter. O S\u00e3o Jo\u00e3o na Ro\u00e7a estaciona seu caminh\u00e3o-palco, \u00e0s 19h, na vila de Pau Santo. As atra\u00e7\u00f5es s\u00e3o Trio Santa Rosa, Boi Tira-Teima, Banda do Batista e o cantor e compositor Petrucio Amorim. O P\u00e1tio do Forr\u00f3 promete uma noite de grande p\u00fablico. Estreando as matin\u00eas, a partir das 18h20, o cantor baiano Bell Marques abre a noite. Em seguida, apresentam-se Matheus e Kauan, Vil\u00f5es do Forr\u00f3 e Luan Estilizado. Os port\u00f5es do P\u00e1tio estar\u00e3o abertos a partir das 17h.<\/p>\n<p style=\"text-align: justify;\">Domingo (12) \u2013 No Dia dos Namorados, o que n\u00e3o vai faltar \u00e9 forr\u00f3 pra dan\u00e7ar agarradinho. A festa come\u00e7a ao meio-dia, no Polo Mestre Vitalino, no Alto do Moura, com J. Lima, CaruForr\u00f3, o homenageado Elifas Jr. e Assis\u00e3o. \u00c0s 13h, tem atra\u00e7\u00e3o botando todo mundo para dan\u00e7ar no Polo Casa Rosa. Por l\u00e1, cantam Gilsinho Costa e Jo\u00e3o Filho. A partir das 16h, j\u00e1 tem hist\u00f3ria e poesia rolando no Polo do Repente, Cinema e Alpendre do Forr\u00f3. Mestre Zui, os declamadores Jefferson Mois\u00e9s e Naldo Ven\u00e2ncio, o repentista Rog\u00e9rio Menezes e o embolador Caetano da Ingazeira s\u00e3o algumas das atra\u00e7\u00f5es. A programa\u00e7\u00e3o no Polo Infantil come\u00e7a \u00e0s 17h. Brincadeiras relacionadas \u00e0 educa\u00e7\u00e3o no tr\u00e2nsito, com a presen\u00e7a de arte-educadores, Mari Bigo e Cia. Garretus animam os pequenos. Tamb\u00e9m \u00e0s 17h, o Polo Juarez Santiago inicia as atividades. Passam por l\u00e1 os trios Santa Rosa e Ardente do Forr\u00f3, os cantores Pedrinho do Acordeon e Leonora Moreno e a banda Fixa\u00e7\u00e3o. No Polo das Quadrilhas e no Polo Camar\u00e3o, as apresenta\u00e7\u00f5es come\u00e7am \u00e0s 19h. O p\u00fablico vai poder conferir o Grupo de Dan\u00e7a Flor e Barro, a Quadrilha Flor do Caru\u00e1, Jonata Chaves, Casca e N\u00f3 e Banda Forr\u00f3 de Cavaco. Finalizando o dia mais rom\u00e2ntico do ano, a partir das 20h, no P\u00e1tio do Forr\u00f3, tem o cantor Israel Filho, a banda que j\u00e1 \u00e9 tradi\u00e7\u00e3o na noite dos namorados, Lim\u00e3o com Mel, e a volta da Banda Calcinha Preta, ap\u00f3s mais de uma d\u00e9cada, ao S\u00e3o Jo\u00e3o de Caruaru.<\/p>\n<p style=\"text-align: justify;\">Abaixo, a programa\u00e7\u00e3o completa.<\/p>\n<p style=\"text-align: justify;\">SEXTA-FEIRA (10\/JUN)<br>\n_Casa Rosa_<br>\n13h &#8211; Sivonaldo Max<br>\n15h &#8211; Tuta Filho<\/p>\n<p style=\"text-align: justify;\">_Polo Infantil_<br>\n19h &#8211; Recrea\u00e7\u00e3o<br>\n20h &#8211; Rosimar Lemos Kids<\/p>\n<p style=\"text-align: justify;\">_Polos do Repente, Cinema e Alpendre do Forr\u00f3_<br>\n19h &#8211; Declamador: Urbano Silva<br>\nRepentista: Ivanildo Silva<br>\nRepentista: Luciano Leonel<br>\nDeclamador: Val Tabosa<br>\nDeclamador: Ivaldo Cordelista<br>\nViola de Cordel: Wilson China<\/p>\n<p style=\"text-align: justify;\">_Polo Juarez Santiago_<br>\n20h &#8211; Trio Forr\u00f3 Encantado<br>\n21h20 &#8211; Trio Caf\u00e9 com Leite<br>\n23h &#8211; Trio Forr\u00f3 D+<br>\n0h &#8211; Alberto Zafran<\/p>\n<p style=\"text-align: justify;\">_Polo Camar\u00e3o e Quadrilhas_<br>\n19h &#8211; Cavalo Marinho Estrela de Ouro<br>\n20h15 \u2013 Danilo Pernambucano<br>\n21h30 &#8211; Banda Bai\u00e3o de Dois Nordestina<br>\n23h &#8211; Geraldo Cardoso<br>\n0h30 &#8211; Banda Fogo e Forr\u00f3<\/p>\n<p style=\"text-align: justify;\">_S\u00e3o Jo\u00e3o na Ro\u00e7a &#8211; Lages_<br>\n19h \u2013 Trio Brilho da Terra<br>\nQuadrilha Mistura Matuta<br>\n20h \u2013 Batalh\u00e3o 25<br>\n20h30 &#8211; Banda Alternativa<br>\n22h30 &#8211; Forr\u00f3 na M\u00eddia<\/p>\n<p style=\"text-align: justify;\">_P\u00e1tio do Forr\u00f3_<br>\n20h \u2013 Renan Cruz<br>\n22h \u2013 Simone e Simaria<br>\n0h \u2013 Toca do Vale<\/p>\n<p style=\"text-align: justify;\">S\u00c1BADO (11\/JUN)<br>\n_Polo Alto do Moura_<br>\n12h &#8211; Pedrinho do Acordeon<br>\n13h20 &#8211; \u00c9lida Mendon\u00e7a<br>\n15h &#8211; Maestro Forr\u00f3 e Fole Assoprado<br>\n16h40 &#8211; Helton Lima<\/p>\n<p style=\"text-align: justify;\">_Casa Rosa_<br>\n13h &#8211; Bita Dantas<br>\n15h -Fabio Duarte<\/p>\n<p style=\"text-align: justify;\">_Polo Infantil_<br>\n17h &#8211; Recrea\u00e7\u00e3o<br>\n17h &#8211; Dom Dom<br>\n19h &#8211; Mateus e Katilinda<\/p>\n<p style=\"text-align: justify;\">_Polo Juarez Santiago_<br>\n17h \u2013 Trio Mil\u00eanio<br>\n18h40 \u2013 Trio Fu\u00e1<br>\n20h20 \u2013 Trio Forr\u00f3 Bom<br>\n22h \u2013 Trio Ch\u00e1 de Lim\u00e3o<br>\n23h40 \u2013 Luiz Adriano<\/p>\n<p style=\"text-align: justify;\">_Polos do Repente, Cinema e Alpendre do Forr\u00f3_<br>\n18h &#8211; Grupo Balaio de Coisas &#8211; Poesias, Performance e Narrativa Po\u00e9tica &#8211; 8 Poetas<br>\nDeclamador: Sandoval Ferreira<br>\nDeclamador: Oleg\u00e1rio Filho<br>\nRepentista: Jo\u00e3o L\u00eddio<br>\nRepentista: Severino Feitosa<br>\nPalestra e Roda de Coversa: Humor e Musicalidade, Sucesso Que Se Eterniza<br>\nDeclamador: Espingarda do Cordel<br>\nEmbolador: Barra Mansa<br>\nEmbolador: Curi\u00f3 de Bela Rosa<br>\n22h &#8211; Alpendre do Forr\u00f3: Hist\u00f3rias de Onildo Almeida<br>\nTrio Vozes da Seca<br>\nParticipa\u00e7\u00e3o especial: Renilda Cardoso<br>\nParticipa\u00e7\u00e3o especial: Joana Ang\u00e9lica<\/p>\n<p style=\"text-align: justify;\">_Polo Camar\u00e3o e Polo das Quadrilhas_<br>\n19h &#8211; XXV Festival de Quadrilhas Estilizadas de Caruaru<br>\n21h30 &#8211; Marlene do Forr\u00f3<br>\n23h &#8211; Marcelo Rossiter<\/p>\n<p style=\"text-align: justify;\">_S\u00e3o Jo\u00e3o na Ro\u00e7a &#8211; Pau Santo_<br>\n19h \u2013 Trio Santa Rosa<br>\nQuadrilha Molecodrilha<br>\n20h \u2013 Boi Tira-Teima<br>\n20h30 \u2013 Banda do Batista<br>\n22h30 &#8211; Petr\u00facio Amorim<\/p>\n<p style=\"text-align: justify;\">_P\u00e1tio do Forr\u00f3_<br>\n18h20 &#8211; Bell Marques<br>\n20h50 \u2013 Luan Estilizado<br>\n22h40 \u2013 Matheus e Kauan<br>\n0h30 &#8211; Vil\u00f5es do Forr\u00f3<\/p>\n<p style=\"text-align: justify;\">DOMINGO (12\/JUN)<br>\n_Polo Alto do Moura_<br>\n12h &#8211; J. Lima<br>\n13h20 &#8211; CaruForr\u00f3<br>\n15h &#8211; Elifas Jr<br>\n16h40 &#8211; Assis\u00e3o<\/p>\n<p style=\"text-align: justify;\">_Polo Casa Rosa_<br>\n13h &#8211; Gilsinho Costa<br>\n15h &#8211; Jo\u00e3o Filho<\/p>\n<p style=\"text-align: justify;\">_Polos do Repente, Cinema e Alpendre do Forr\u00f3_<br>\n16h &#8211; Alpendre do Forr\u00f3: Hist\u00f3rias de Onildo Almeida<br>\nTrio Os Vitalinos<br>\nParticipa\u00e7\u00e3o especial: Mestre Zui<br>\n18h &#8211; Oficina de Xilogravura &#8211; obra do Mestre Dila &#8211; Danielle Guerreiro<br>\nDeclamador: Jefferson Mois\u00e9s<br>\nRepentista: Rog\u00e9rio Menezes<br>\nRepentista: Raimundo Caetano<br>\nDeclamador: Naldo Ven\u00e2ncio<br>\nEmbolador: Caetano da Ingazeira<br>\nEmbolador:Can\u00e1rio de Pernambuco<\/p>\n<p style=\"text-align: justify;\">_Polo Infantil_<br>\n17h &#8211; Recrea\u00e7\u00e3o Brincadeiras na tem\u00e1tica do tr\u00e2nsito<br>\n20h &#8211; Mari Bigo e Banda<br>\n19h &#8211; Cia. Garretus<\/p>\n<p style=\"text-align: justify;\">_Polo Juarez Santiago_<br>\n17h &#8211; Trio Santa Rosa<br>\n18h40 &#8211; Trio Pedrinho do Acordeon<br>\n20h20 &#8211; Trio Ardente do Forr\u00f3<br>\n22h &#8211; Leonora Moreno<br>\n23h40 &#8211; Banda Fixa\u00e7\u00e3o<\/p>\n<p style=\"text-align: justify;\">_P\u00f4r-do-sol no Monte_<br>\n17h \u2013 Marcos Sales Ferraz<\/p>\n<p style=\"text-align: justify;\">_Polo Camar\u00e3o e Polo das Quadrilhas_<br>\n19h &#8211; Grupo de Dan\u00e7a Flor e Barro<br>\n20h &#8211; Quadrilha Flor do Caru\u00e1<br>\n21h30 &#8211; Jonata Chaves<br>\n23h &#8211; Casca e N\u00f3<br>\n0h30 &#8211; Banda Forr\u00f3 de Cavaco<\/p>\n<p style=\"text-align: justify;\">_P\u00e1tio do Forr\u00f3_<br>\n20h &#8211; Israel Filho<br>\n22h &#8211; Lim\u00e3o com Mel<br>\n0h &#8211; Calcinha Preta<\/p>\n\n\n<figure class=\"wp-block-image size-large\"><img loading=\"lazy\" decoding=\"async\" width=\"1024\" height=\"1024\" src=\"https:\/\/blogdoedvaldomagalhaes.com.br\/wp-content\/uploads\/2022\/06\/IMG-20220604-WA0069-1024x1024.jpg\" alt=\"\" class=\"wp-image-83947\" srcset=\"https:\/\/blogdoedvaldomagalhaes.com.br\/wp-content\/uploads\/2022\/06\/IMG-20220604-WA0069-1024x1024.jpg 1024w, https:\/\/blogdoedvaldomagalhaes.com.br\/wp-content\/uploads\/2022\/06\/IMG-20220604-WA0069-300x300.jpg 300w, https:\/\/blogdoedvaldomagalhaes.com.br\/wp-content\/uploads\/2022\/06\/IMG-20220604-WA0069-150x150.jpg 150w, https:\/\/blogdoedvaldomagalhaes.com.br\/wp-content\/uploads\/2022\/06\/IMG-20220604-WA0069-768x768.jpg 768w, https:\/\/blogdoedvaldomagalhaes.com.br\/wp-content\/uploads\/2022\/06\/IMG-20220604-WA0069.jpg 1418w\" sizes=\"auto, (max-width: 1024px) 100vw, 1024px\" \/><\/figure>\n\n\n\n<figure class=\"wp-block-image size-large\"><img loading=\"lazy\" decoding=\"async\" width=\"1024\" height=\"576\" src=\"https:\/\/blogdoedvaldomagalhaes.com.br\/wp-content\/uploads\/2022\/06\/IMG-20220603-WA0313-1024x576.jpg\" alt=\"\" class=\"wp-image-83944\" srcset=\"https:\/\/blogdoedvaldomagalhaes.com.br\/wp-content\/uploads\/2022\/06\/IMG-20220603-WA0313-1024x576.jpg 1024w, https:\/\/blogdoedvaldomagalhaes.com.br\/wp-content\/uploads\/2022\/06\/IMG-20220603-WA0313-300x169.jpg 300w, https:\/\/blogdoedvaldomagalhaes.com.br\/wp-content\/uploads\/2022\/06\/IMG-20220603-WA0313-768x432.jpg 768w, https:\/\/blogdoedvaldomagalhaes.com.br\/wp-content\/uploads\/2022\/06\/IMG-20220603-WA0313-1140x641.jpg 1140w, https:\/\/blogdoedvaldomagalhaes.com.br\/wp-content\/uploads\/2022\/06\/IMG-20220603-WA0313-720x405.jpg 720w, https:\/\/blogdoedvaldomagalhaes.com.br\/wp-content\/uploads\/2022\/06\/IMG-20220603-WA0313.jpg 1280w\" sizes=\"auto, (max-width: 1024px) 100vw, 1024px\" \/><\/figure>\n\n\n\n<figure class=\"wp-block-image size-large\"><img loading=\"lazy\" decoding=\"async\" width=\"1024\" height=\"576\" src=\"https:\/\/blogdoedvaldomagalhaes.com.br\/wp-content\/uploads\/2022\/06\/IMG-20220605-WA0089-1024x576.jpg\" alt=\"\" class=\"wp-image-84002\" srcset=\"https:\/\/blogdoedvaldomagalhaes.com.br\/wp-content\/uploads\/2022\/06\/IMG-20220605-WA0089-1024x576.jpg 1024w, https:\/\/blogdoedvaldomagalhaes.com.br\/wp-content\/uploads\/2022\/06\/IMG-20220605-WA0089-300x169.jpg 300w, https:\/\/blogdoedvaldomagalhaes.com.br\/wp-content\/uploads\/2022\/06\/IMG-20220605-WA0089-768x432.jpg 768w, https:\/\/blogdoedvaldomagalhaes.com.br\/wp-content\/uploads\/2022\/06\/IMG-20220605-WA0089-1140x641.jpg 1140w, https:\/\/blogdoedvaldomagalhaes.com.br\/wp-content\/uploads\/2022\/06\/IMG-20220605-WA0089-720x405.jpg 720w, https:\/\/blogdoedvaldomagalhaes.com.br\/wp-content\/uploads\/2022\/06\/IMG-20220605-WA0089.jpg 1280w\" sizes=\"auto, (max-width: 1024px) 100vw, 1024px\" \/><\/figure>\n\n\n\n<figure class=\"wp-block-image size-large\"><img loading=\"lazy\" decoding=\"async\" width=\"1024\" height=\"576\" src=\"https:\/\/blogdoedvaldomagalhaes.com.br\/wp-content\/uploads\/2022\/06\/IMG-20220605-WA0088-1024x576.jpg\" alt=\"\" class=\"wp-image-84003\" srcset=\"https:\/\/blogdoedvaldomagalhaes.com.br\/wp-content\/uploads\/2022\/06\/IMG-20220605-WA0088-1024x576.jpg 1024w, https:\/\/blogdoedvaldomagalhaes.com.br\/wp-content\/uploads\/2022\/06\/IMG-20220605-WA0088-300x169.jpg 300w, https:\/\/blogdoedvaldomagalhaes.com.br\/wp-content\/uploads\/2022\/06\/IMG-20220605-WA0088-768x432.jpg 768w, https:\/\/blogdoedvaldomagalhaes.com.br\/wp-content\/uploads\/2022\/06\/IMG-20220605-WA0088-1140x641.jpg 1140w, https:\/\/blogdoedvaldomagalhaes.com.br\/wp-content\/uploads\/2022\/06\/IMG-20220605-WA0088-720x405.jpg 720w, https:\/\/blogdoedvaldomagalhaes.com.br\/wp-content\/uploads\/2022\/06\/IMG-20220605-WA0088.jpg 1280w\" sizes=\"auto, (max-width: 1024px) 100vw, 1024px\" \/><\/figure>\n\n\n\n<figure class=\"wp-block-image size-large\"><img loading=\"lazy\" decoding=\"async\" width=\"1024\" height=\"576\" src=\"https:\/\/blogdoedvaldomagalhaes.com.br\/wp-content\/uploads\/2022\/06\/banner-video-1024x576.png\" alt=\"\" class=\"wp-image-83961\" srcset=\"https:\/\/blogdoedvaldomagalhaes.com.br\/wp-content\/uploads\/2022\/06\/banner-video-1024x576.png 1024w, https:\/\/blogdoedvaldomagalhaes.com.br\/wp-content\/uploads\/2022\/06\/banner-video-300x169.png 300w, https:\/\/blogdoedvaldomagalhaes.com.br\/wp-content\/uploads\/2022\/06\/banner-video-768x432.png 768w, https:\/\/blogdoedvaldomagalhaes.com.br\/wp-content\/uploads\/2022\/06\/banner-video-1536x864.png 1536w, https:\/\/blogdoedvaldomagalhaes.com.br\/wp-content\/uploads\/2022\/06\/banner-video-1140x641.png 1140w, https:\/\/blogdoedvaldomagalhaes.com.br\/wp-content\/uploads\/2022\/06\/banner-video-720x405.png 720w, https:\/\/blogdoedvaldomagalhaes.com.br\/wp-content\/uploads\/2022\/06\/banner-video.png 1920w\" sizes=\"auto, (max-width: 1024px) 100vw, 1024px\" \/><\/figure>\n","protected":false},"excerpt":{"rendered":"<p>O S\u00e3o Jo\u00e3o do Reencontro, em Caruaru, vem ainda maior no segundo fim de semana de festa. Al\u00e9m dos polos&hellip;<\/p>\n","protected":false},"author":1,"featured_media":84199,"comment_status":"open","ping_status":"open","sticky":false,"template":"","format":"standard","meta":{"footnotes":""},"categories":[14120],"tags":[2,19532,3406,24849,6222],"class_list":["post-84198","post","type-post","status-publish","format-standard","has-post-thumbnail","hentry","category-noticias","tag-blog-do-edvaldo-magalhaes","tag-blog-mais-acessado-e-visualizado-de-caruaru-e-regiao","tag-caruaru","tag-confira-shows-e-horarios-neste-fim-de-semana-no-sao-joao-de-caruaru","tag-sao-joao-de-caruaru"],"_links":{"self":[{"href":"https:\/\/blogdoedvaldomagalhaes.com.br\/index.php\/wp-json\/wp\/v2\/posts\/84198","targetHints":{"allow":["GET"]}}],"collection":[{"href":"https:\/\/blogdoedvaldomagalhaes.com.br\/index.php\/wp-json\/wp\/v2\/posts"}],"about":[{"href":"https:\/\/blogdoedvaldomagalhaes.com.br\/index.php\/wp-json\/wp\/v2\/types\/post"}],"author":[{"embeddable":true,"href":"https:\/\/blogdoedvaldomagalhaes.com.br\/index.php\/wp-json\/wp\/v2\/users\/1"}],"replies":[{"embeddable":true,"href":"https:\/\/blogdoedvaldomagalhaes.com.br\/index.php\/wp-json\/wp\/v2\/comments?post=84198"}],"version-history":[{"count":2,"href":"https:\/\/blogdoedvaldomagalhaes.com.br\/index.php\/wp-json\/wp\/v2\/posts\/84198\/revisions"}],"predecessor-version":[{"id":84202,"href":"https:\/\/blogdoedvaldomagalhaes.com.br\/index.php\/wp-json\/wp\/v2\/posts\/84198\/revisions\/84202"}],"wp:featuredmedia":[{"embeddable":true,"href":"https:\/\/blogdoedvaldomagalhaes.com.br\/index.php\/wp-json\/wp\/v2\/media\/84199"}],"wp:attachment":[{"href":"https:\/\/blogdoedvaldomagalhaes.com.br\/index.php\/wp-json\/wp\/v2\/media?parent=84198"}],"wp:term":[{"taxonomy":"category","embeddable":true,"href":"https:\/\/blogdoedvaldomagalhaes.com.br\/index.php\/wp-json\/wp\/v2\/categories?post=84198"},{"taxonomy":"post_tag","embeddable":true,"href":"https:\/\/blogdoedvaldomagalhaes.com.br\/index.php\/wp-json\/wp\/v2\/tags?post=84198"}],"curies":[{"name":"wp","href":"https:\/\/api.w.org\/{rel}","templated":true}]}}