{"id":8419,"date":"2016-09-04T13:15:00","date_gmt":"2016-09-04T16:15:00","guid":{"rendered":"http:\/\/blogdoedvaldomagalhaes.com.br\/index.php\/2016\/09\/04\/saiba-como-sera-o-desfile-civico-e\/"},"modified":"2019-02-09T00:57:40","modified_gmt":"2019-02-09T02:57:40","slug":"saiba-como-sera-o-desfile-civico-e","status":"publish","type":"post","link":"https:\/\/blogdoedvaldomagalhaes.com.br\/index.php\/2016\/09\/04\/saiba-como-sera-o-desfile-civico-e\/","title":{"rendered":"Saiba como ser\u00e1 o Desfile C\u00edvico em Caruaru e o que estar\u00e1 aberto\/fechado"},"content":{"rendered":"<div style=\"text-align: justify;\">\n<div class=\"separator\" style=\"clear: both; text-align: center;\">\n<a href=\"https:\/\/4.bp.blogspot.com\/-CDOBzKTXh-4\/V8wgZNZdejI\/AAAAAAAAFu4\/eyq4dyApj4MMOD4viHqSsaLRazGDpnizwCLcB\/s1600\/desfile%2B6.jpg\" imageanchor=\"1\" style=\"margin-left: 1em; margin-right: 1em;\"><img loading=\"lazy\" decoding=\"async\" border=\"0\" height=\"258\" src=\"http:\/\/blogdoedvaldomagalhaes.com.br\/wp-content\/uploads\/2016\/09\/desfile6.jpg\" width=\"400\" \/><\/a><\/div>\n<div class=\"separator\" style=\"clear: both; text-align: center;\">\n<\/div>\n<p>O dia da Independ\u00eancia do Brasil, com a realiza\u00e7\u00e3o do tradicional Desfile C\u00edvico-Militar e Estudantil de 7 de Setembro,&nbsp;ter\u00e1 a<br \/>\nprograma\u00e7\u00e3o iniciada \u00e0s 8h, quando o prefeito Jos\u00e9 Queiroz (PDT), ao lado de<br \/>\nautoridades locais, far\u00e1 o hasteamento da bandeira, no Grande Hotel, &nbsp;na avenida Rio Brinco, centro da cidade. Logo ap\u00f3s,<br \/>\n\u00e0s 8h30, mais de setenta agremia\u00e7\u00f5es sair\u00e3o do in\u00edcio da Avenida Joaquim<br \/>\nNabuco, sentido avenida Rui Barbosa (antiga CAGEP,), descendo a avenida literalmente. O palanque oficial ficar\u00e1 no cruzamento da avenida Joaquim Nabuco com a&nbsp;&nbsp;Rua General Isidoro Lopes. Este ano n\u00e3o ser\u00e1 permitida a parada das bandas marciais em frente ao palanque para evolu\u00e7\u00f5es. O tema ser\u00e1 Caruaru, meu orgulho,ao todo ir\u00e3o desfilar oito mil pessoas de escolas, entidades civis e militares. O desfile ser\u00e1 aberto pela Pol\u00edcia Rodovi\u00e1ria Federal, Pol\u00edcia Militar, Corpo de Bombeiros, Tiro de Guerra, e em seguida Apodec. O desfile deve ser encerrado por volta das 13h.<\/p>\n<div class=\"separator\" style=\"clear: both; text-align: center;\">\n<a href=\"https:\/\/4.bp.blogspot.com\/-uF_-pPTwRIs\/V8wgnzCWx2I\/AAAAAAAAFu8\/QXc2WD64G14DQ3tkI1TUAZanTLIL8Q63ACLcB\/s1600\/dsesfile%2B2.jpg\" imageanchor=\"1\" style=\"margin-left: 1em; margin-right: 1em;\"><img loading=\"lazy\" decoding=\"async\" border=\"0\" height=\"300\" src=\"http:\/\/blogdoedvaldomagalhaes.com.br\/wp-content\/uploads\/2016\/09\/dsesfile2.jpg\" width=\"400\" \/><\/a><\/div>\n<\/div>\n<div style=\"background-image: initial; background-position: initial; background-repeat: initial; text-align: justify;\">\n<\/div>\n<div style=\"list-style: none; text-align: justify;\">\nNo feriado de quarta-feira (7), Dia da Independ\u00eancia do Brasil, o com\u00e9rcio de Caruaru estar\u00e1 fechado. Reparti\u00e7\u00f5es p\u00fablicas tamb\u00e9m n\u00e3o ter\u00e3o expedientes.<\/div>\n<div style=\"list-style: none; text-align: justify;\">\n<\/div>\n<div style=\"list-style: none; text-align: justify;\">\nJ\u00e1 os centros de compras estar\u00e3o abertos. O Shopping Difusora estar\u00e1 com todas as opera\u00e7\u00f5es em pleno funcionamento. As lojas e quiosques estar\u00e3o abertos das 11h \u00e0s 20h, Pra\u00e7a de Alimenta\u00e7\u00e3o e reten\u00e7\u00e3o de crian\u00e7as das 11h \u00e0s 21h e o Mercado d<\/div>\n<div style=\"list-style: none; text-align: justify;\">\no Shopping, das 10h \u00e0s 21h.<\/div>\n<div style=\"list-style: none; text-align: justify;\">\n<\/div>\n<div style=\"list-style: none; text-align: justify;\">\nNo Caruaru Shopping, as lojas \u00e2ncoras e sat\u00e9lites abrir\u00e3o das portas das 10h \u00e0s 20h, o Hiper Bompre\u00e7o das 10h e 21h, a Pra\u00e7a de Alimenta\u00e7\u00e3o e a \u00e1rea destinada ao lazer das 11h \u00e0s 21h. O boliche abrir\u00e1 das 12h \u00e0s 21h. J\u00e1 o Centerplex ter\u00e1 exibi\u00e7\u00f5es conforme o hor\u00e1rio das sess\u00f5es. O Polo Caruaru permanecer\u00e1 em hor\u00e1rio normal, das 9h \u00e0s 18h.<\/div>\n","protected":false},"excerpt":{"rendered":"<p>O dia da Independ\u00eancia do Brasil, com a realiza\u00e7\u00e3o do tradicional Desfile C\u00edvico-Militar e Estudantil de 7 de Setembro,&nbsp;ter\u00e1 a&hellip;<\/p>\n","protected":false},"author":1,"featured_media":0,"comment_status":"open","ping_status":"open","sticky":false,"template":"","format":"standard","meta":{"footnotes":""},"categories":[1],"tags":[2,5935,6,12463,3018],"class_list":["post-8419","post","type-post","status-publish","format-standard","hentry","category-sem-categoria","tag-blog-do-edvaldo-magalhaes","tag-caruaru-shopping","tag-noticias","tag-saiba-como-sera-o-desfile-civico-em-caruaru-e-o-que-estara-aberto-fechado","tag-shopping-difusora"],"_links":{"self":[{"href":"https:\/\/blogdoedvaldomagalhaes.com.br\/index.php\/wp-json\/wp\/v2\/posts\/8419","targetHints":{"allow":["GET"]}}],"collection":[{"href":"https:\/\/blogdoedvaldomagalhaes.com.br\/index.php\/wp-json\/wp\/v2\/posts"}],"about":[{"href":"https:\/\/blogdoedvaldomagalhaes.com.br\/index.php\/wp-json\/wp\/v2\/types\/post"}],"author":[{"embeddable":true,"href":"https:\/\/blogdoedvaldomagalhaes.com.br\/index.php\/wp-json\/wp\/v2\/users\/1"}],"replies":[{"embeddable":true,"href":"https:\/\/blogdoedvaldomagalhaes.com.br\/index.php\/wp-json\/wp\/v2\/comments?post=8419"}],"version-history":[{"count":1,"href":"https:\/\/blogdoedvaldomagalhaes.com.br\/index.php\/wp-json\/wp\/v2\/posts\/8419\/revisions"}],"predecessor-version":[{"id":12061,"href":"https:\/\/blogdoedvaldomagalhaes.com.br\/index.php\/wp-json\/wp\/v2\/posts\/8419\/revisions\/12061"}],"wp:attachment":[{"href":"https:\/\/blogdoedvaldomagalhaes.com.br\/index.php\/wp-json\/wp\/v2\/media?parent=8419"}],"wp:term":[{"taxonomy":"category","embeddable":true,"href":"https:\/\/blogdoedvaldomagalhaes.com.br\/index.php\/wp-json\/wp\/v2\/categories?post=8419"},{"taxonomy":"post_tag","embeddable":true,"href":"https:\/\/blogdoedvaldomagalhaes.com.br\/index.php\/wp-json\/wp\/v2\/tags?post=8419"}],"curies":[{"name":"wp","href":"https:\/\/api.w.org\/{rel}","templated":true}]}}