{"id":84181,"date":"2022-06-10T11:54:15","date_gmt":"2022-06-10T14:54:15","guid":{"rendered":"https:\/\/blogdoedvaldomagalhaes.com.br\/?p=84181"},"modified":"2022-06-10T11:55:38","modified_gmt":"2022-06-10T14:55:38","slug":"anderson-correia-pede-que-previas-juninas-sejam-consideradas-patrimonio-cultural-imaterial-de-caruaru","status":"publish","type":"post","link":"https:\/\/blogdoedvaldomagalhaes.com.br\/index.php\/2022\/06\/10\/anderson-correia-pede-que-previas-juninas-sejam-consideradas-patrimonio-cultural-imaterial-de-caruaru\/","title":{"rendered":"Anderson Correia pede que pr\u00e9vias juninas sejam consideradas Patrim\u00f4nio Cultural Imaterial de Caruaru"},"content":{"rendered":"<p style=\"text-align: justify;\">Em meio ao per\u00edodo das festividades de S\u00e3o Jo\u00e3o na Capital do Forr\u00f3, o vereador e pr\u00e9-candidato a deputado federal, Anderson Correia (PP), solicitou, por meio de um Projeto de Lei (n\u00ba 9335\/2022), que fosse institu\u00eddo que as festividades, consideradas pr\u00e9vias do S\u00e3o Jo\u00e3o de Caruaru, fossem reconhecidas como Patrim\u00f4nio Cultural Imaterial. Na mat\u00e9ria, o parlamentar justifica a solicita\u00e7\u00e3o ressaltando a import\u00e2ncia e a tradi\u00e7\u00e3o destas festas, que abrem o per\u00edodo de eventos juninos na Capital do Agreste.<\/p>\n<p style=\"text-align: justify;\">\u201cEm Caruaru, temos diversos exemplos de pr\u00e9vias juninas que s\u00e3o sucesso e ajudam na propaga\u00e7\u00e3o da nossa cultura local, com a realiza\u00e7\u00e3o destas festividades de forma efetiva, todos os anos, criando uma tradi\u00e7\u00e3o com a popula\u00e7\u00e3o caruaruense, sempre vivas no calend\u00e1rio e, consequentemente, na vida das pessoas. Festas como Forrobod\u00f3, Forr\u00f3 Sociey, Gonza\u00e7\u00e3o, Forr\u00f3 da Casa, Forr\u00f3 dos Amigos e outros, j\u00e1 fazem parte do nosso S\u00e3o Jo\u00e3o, como um produto das festividades juninas e, por isso, merece o reconhecimento de patrim\u00f4nio cultural e imaterial do munic\u00edpio de Caruaru\u201d, destacou o edil.<\/p>\n<p>Foto: Andr\u00e9 R\u00e1guine<\/p>\n","protected":false},"excerpt":{"rendered":"<p>Em meio ao per\u00edodo das festividades de S\u00e3o Jo\u00e3o na Capital do Forr\u00f3, o vereador e pr\u00e9-candidato a deputado federal,&hellip;<\/p>\n","protected":false},"author":1,"featured_media":84182,"comment_status":"open","ping_status":"open","sticky":false,"template":"","format":"standard","meta":{"footnotes":""},"categories":[14122],"tags":[24847,2,19532,3406,20],"class_list":["post-84181","post","type-post","status-publish","format-standard","has-post-thumbnail","hentry","category-politica","tag-anderson-correia-pede-que-previas-juninas-sejam-consideradas-patrimonio-cultural-imaterial-de-caruaru","tag-blog-do-edvaldo-magalhaes","tag-blog-mais-acessado-e-visualizado-de-caruaru-e-regiao","tag-caruaru","tag-politica"],"_links":{"self":[{"href":"https:\/\/blogdoedvaldomagalhaes.com.br\/index.php\/wp-json\/wp\/v2\/posts\/84181","targetHints":{"allow":["GET"]}}],"collection":[{"href":"https:\/\/blogdoedvaldomagalhaes.com.br\/index.php\/wp-json\/wp\/v2\/posts"}],"about":[{"href":"https:\/\/blogdoedvaldomagalhaes.com.br\/index.php\/wp-json\/wp\/v2\/types\/post"}],"author":[{"embeddable":true,"href":"https:\/\/blogdoedvaldomagalhaes.com.br\/index.php\/wp-json\/wp\/v2\/users\/1"}],"replies":[{"embeddable":true,"href":"https:\/\/blogdoedvaldomagalhaes.com.br\/index.php\/wp-json\/wp\/v2\/comments?post=84181"}],"version-history":[{"count":2,"href":"https:\/\/blogdoedvaldomagalhaes.com.br\/index.php\/wp-json\/wp\/v2\/posts\/84181\/revisions"}],"predecessor-version":[{"id":84184,"href":"https:\/\/blogdoedvaldomagalhaes.com.br\/index.php\/wp-json\/wp\/v2\/posts\/84181\/revisions\/84184"}],"wp:featuredmedia":[{"embeddable":true,"href":"https:\/\/blogdoedvaldomagalhaes.com.br\/index.php\/wp-json\/wp\/v2\/media\/84182"}],"wp:attachment":[{"href":"https:\/\/blogdoedvaldomagalhaes.com.br\/index.php\/wp-json\/wp\/v2\/media?parent=84181"}],"wp:term":[{"taxonomy":"category","embeddable":true,"href":"https:\/\/blogdoedvaldomagalhaes.com.br\/index.php\/wp-json\/wp\/v2\/categories?post=84181"},{"taxonomy":"post_tag","embeddable":true,"href":"https:\/\/blogdoedvaldomagalhaes.com.br\/index.php\/wp-json\/wp\/v2\/tags?post=84181"}],"curies":[{"name":"wp","href":"https:\/\/api.w.org\/{rel}","templated":true}]}}