{"id":8418,"date":"2016-09-04T13:38:00","date_gmt":"2016-09-04T16:38:00","guid":{"rendered":"http:\/\/blogdoedvaldomagalhaes.com.br\/index.php\/2016\/09\/04\/uniao-beneficente-de-caruaru-precisa-de\/"},"modified":"2019-02-09T00:57:40","modified_gmt":"2019-02-09T02:57:40","slug":"uniao-beneficente-de-caruaru-precisa-de","status":"publish","type":"post","link":"https:\/\/blogdoedvaldomagalhaes.com.br\/index.php\/2016\/09\/04\/uniao-beneficente-de-caruaru-precisa-de\/","title":{"rendered":"Uni\u00e3o Beneficente de Caruaru precisa de ajuda"},"content":{"rendered":"<div class=\"separator\" style=\"clear: both; text-align: center;\">\n<a href=\"https:\/\/2.bp.blogspot.com\/-tUQ4ezpjV_A\/V8wjbbkze0I\/AAAAAAAAFvI\/utj0mJrLR8osWo9r6NzkXP9_oy8HpfDqgCLcB\/s1600\/utilidade.jpg\" imageanchor=\"1\" style=\"margin-left: 1em; margin-right: 1em;\"><img loading=\"lazy\" decoding=\"async\" border=\"0\" height=\"286\" src=\"http:\/\/blogdoedvaldomagalhaes.com.br\/wp-content\/uploads\/2016\/09\/utilidade.jpg\" width=\"400\" \/><\/a><\/div>\n<div class=\"separator\" style=\"clear: both; text-align: center;\">\n<\/div>\n<div class=\"separator\" style=\"clear: both; text-align: left;\">\nO blog recebeu esta Nota de Jos\u00e9 Marcolino, presidente da Uni\u00e3o Beneficente de Caruaru<\/div>\n<div style=\"text-align: justify;\">\n<\/div>\n<div style=\"text-align: justify;\">\nA Diretoria da Associa\u00e7\u00e3o de car\u00e1ter filantr\u00f3pico, UNI\u00c3O BENEFICENTE DOS ARTISTAS E PROFISSIONAIS DE CARUARU -UBAPC -, preocupada com o est\u00e1gio da \u00e1rea coberta do Mausol\u00e9u de sua propriedade,localizado no Cemit\u00e9rio Dom Bosco, conclama a sociedade caruaruense, para em parceria, realizar a restaura\u00e7\u00e3o daquele im\u00f3vel, que a quase sete d\u00e9cadas vem servindo \u00e1 sepultar associados, seus dependentes, indigentes e pessoas da comunidade caruaruense. Mais informa\u00e7\u00f5es pelo 3721-6557. Ajudem<\/div>\n","protected":false},"excerpt":{"rendered":"<p>O blog recebeu esta Nota de Jos\u00e9 Marcolino, presidente da Uni\u00e3o Beneficente de Caruaru A Diretoria da Associa\u00e7\u00e3o de car\u00e1ter&hellip;<\/p>\n","protected":false},"author":1,"featured_media":0,"comment_status":"open","ping_status":"open","sticky":false,"template":"","format":"standard","meta":{"footnotes":""},"categories":[1],"tags":[2,3683,6,1950,12462],"class_list":["post-8418","post","type-post","status-publish","format-standard","hentry","category-sem-categoria","tag-blog-do-edvaldo-magalhaes","tag-cemiterio-dom-bosco","tag-noticias","tag-noticias-de-caruaru","tag-uniao-beneficente-dos-artistas-de-caruaru"],"_links":{"self":[{"href":"https:\/\/blogdoedvaldomagalhaes.com.br\/index.php\/wp-json\/wp\/v2\/posts\/8418","targetHints":{"allow":["GET"]}}],"collection":[{"href":"https:\/\/blogdoedvaldomagalhaes.com.br\/index.php\/wp-json\/wp\/v2\/posts"}],"about":[{"href":"https:\/\/blogdoedvaldomagalhaes.com.br\/index.php\/wp-json\/wp\/v2\/types\/post"}],"author":[{"embeddable":true,"href":"https:\/\/blogdoedvaldomagalhaes.com.br\/index.php\/wp-json\/wp\/v2\/users\/1"}],"replies":[{"embeddable":true,"href":"https:\/\/blogdoedvaldomagalhaes.com.br\/index.php\/wp-json\/wp\/v2\/comments?post=8418"}],"version-history":[{"count":1,"href":"https:\/\/blogdoedvaldomagalhaes.com.br\/index.php\/wp-json\/wp\/v2\/posts\/8418\/revisions"}],"predecessor-version":[{"id":12063,"href":"https:\/\/blogdoedvaldomagalhaes.com.br\/index.php\/wp-json\/wp\/v2\/posts\/8418\/revisions\/12063"}],"wp:attachment":[{"href":"https:\/\/blogdoedvaldomagalhaes.com.br\/index.php\/wp-json\/wp\/v2\/media?parent=8418"}],"wp:term":[{"taxonomy":"category","embeddable":true,"href":"https:\/\/blogdoedvaldomagalhaes.com.br\/index.php\/wp-json\/wp\/v2\/categories?post=8418"},{"taxonomy":"post_tag","embeddable":true,"href":"https:\/\/blogdoedvaldomagalhaes.com.br\/index.php\/wp-json\/wp\/v2\/tags?post=8418"}],"curies":[{"name":"wp","href":"https:\/\/api.w.org\/{rel}","templated":true}]}}