{"id":84177,"date":"2022-06-09T19:57:24","date_gmt":"2022-06-09T22:57:24","guid":{"rendered":"https:\/\/blogdoedvaldomagalhaes.com.br\/?p=84177"},"modified":"2022-06-09T20:03:23","modified_gmt":"2022-06-09T23:03:23","slug":"vereador-jorge-quintino-destaca-avanco-do-poder-executivo-em-relacao-ao-concurso-publico-para-professores-de-caruaru","status":"publish","type":"post","link":"https:\/\/blogdoedvaldomagalhaes.com.br\/index.php\/2022\/06\/09\/vereador-jorge-quintino-destaca-avanco-do-poder-executivo-em-relacao-ao-concurso-publico-para-professores-de-caruaru\/","title":{"rendered":"Vereador Jorge Quintino destaca avan\u00e7o do Poder Executivo em rela\u00e7\u00e3o ao Concurso P\u00fablico para professores de Caruaru"},"content":{"rendered":"<p style=\"text-align: justify;\"><span style=\"font-size: inherit;\">Durante a realiza\u00e7\u00e3o da 26\u00aa Sess\u00e3o Legislativa que ocorreu na tarde dessa quinta-feira (09), na Casa Jornalista Jos\u00e9 Carlos Flor\u00eancio, o Vereador Jorge Quintino se apresentou na tribuna para destacar o avan\u00e7o do Poder Executivo em rela\u00e7\u00e3o a cria\u00e7\u00e3o do Concurso P\u00fablico para professores do Munic\u00edpio de Caruaru. O Projeto de Lei visa criar 300 novos cargos efetivos para os professores, sendo 150 para Professor I e 150 para Professor II.<\/span><\/p>\n<p style=\"text-align: justify;\">\u201cComo Presidente da Comiss\u00e3o de Educa\u00e7\u00e3o, Cultura e Esportes e Meio ambiente, considero este Projeto de Lei um grande avan\u00e7o em rela\u00e7\u00e3o \u00e0 educa\u00e7\u00e3o. Parabenizo a Ex-Prefeita Raquel Lyra e o atual Prefeito Rodrigo Pinheiro, pois, h\u00e1 16 anos n\u00e3o existia Concurso P\u00fablico na cidade de Caruaru. Essa vit\u00f3ria \u00e9 de todos n\u00f3s que discutimos e buscamos um avan\u00e7o sobre o Concurso\u201d destacou o Vereador.<\/p>\n<p style=\"text-align: justify;\">Ainda na tribuna, Jorge Quintino apresentou o Anteprojeto para tornar Projeto de Lei de sua propositura, em que assegura a acessibilidade aos candidatos surdos e cegos nos concursos p\u00fablicos e nos processos de sele\u00e7\u00e3o do Poder Executivo.<\/p>\n<p style=\"text-align: justify;\">\u201c\u00c9 importante que sempre haja respeito \u00e0s diferen\u00e7as, ao princ\u00edpio da alteridade e principalmente \u00e0 possibilidade para que as pessoas com defici\u00eancia tenham maior acessibilidade em todos os setores da nossa cidade\u201d, ressaltou Jorge Quintino.<\/p>\n<p style=\"text-align: justify;\">O Vereador destacou ainda outro Projeto de Lei sobre a cria\u00e7\u00e3o da \u201cSemana Cultural do Artista Especial\u201d, a ser realizada anualmente na primeira semana de dezembro, tendo sua abertura oficial no dia 03 de dezembro, que ser\u00e1 integrada ao Dia Internacional das Pessoas com Defici\u00eancia.<\/p>\n<p style=\"text-align: justify;\">\u201cCultura tem que ser cada vez mais valorizada. \u00c9 nosso dever propiciar condi\u00e7\u00f5es para a total inclus\u00e3o das pessoas com defici\u00eancia. Temos que estabelecer a oportunidade para acessibilidade a essas pessoas\u201d. Finalizou Jorge Quintino.<\/p>\n<p>Foto: Vladimir Barreto.<\/p>\n","protected":false},"excerpt":{"rendered":"<p>Durante a realiza\u00e7\u00e3o da 26\u00aa Sess\u00e3o Legislativa que ocorreu na tarde dessa quinta-feira (09), na Casa Jornalista Jos\u00e9 Carlos Flor\u00eancio,&hellip;<\/p>\n","protected":false},"author":1,"featured_media":84178,"comment_status":"open","ping_status":"open","sticky":false,"template":"","format":"standard","meta":{"footnotes":""},"categories":[14122],"tags":[2,19532,3406,20,24846],"class_list":["post-84177","post","type-post","status-publish","format-standard","has-post-thumbnail","hentry","category-politica","tag-blog-do-edvaldo-magalhaes","tag-blog-mais-acessado-e-visualizado-de-caruaru-e-regiao","tag-caruaru","tag-politica","tag-vereador-jorge-quintino-destaca-avanco-do-poder-executivo-em-relacao-ao-concurso-publico-para-professores-de-caruaru"],"_links":{"self":[{"href":"https:\/\/blogdoedvaldomagalhaes.com.br\/index.php\/wp-json\/wp\/v2\/posts\/84177","targetHints":{"allow":["GET"]}}],"collection":[{"href":"https:\/\/blogdoedvaldomagalhaes.com.br\/index.php\/wp-json\/wp\/v2\/posts"}],"about":[{"href":"https:\/\/blogdoedvaldomagalhaes.com.br\/index.php\/wp-json\/wp\/v2\/types\/post"}],"author":[{"embeddable":true,"href":"https:\/\/blogdoedvaldomagalhaes.com.br\/index.php\/wp-json\/wp\/v2\/users\/1"}],"replies":[{"embeddable":true,"href":"https:\/\/blogdoedvaldomagalhaes.com.br\/index.php\/wp-json\/wp\/v2\/comments?post=84177"}],"version-history":[{"count":2,"href":"https:\/\/blogdoedvaldomagalhaes.com.br\/index.php\/wp-json\/wp\/v2\/posts\/84177\/revisions"}],"predecessor-version":[{"id":84180,"href":"https:\/\/blogdoedvaldomagalhaes.com.br\/index.php\/wp-json\/wp\/v2\/posts\/84177\/revisions\/84180"}],"wp:featuredmedia":[{"embeddable":true,"href":"https:\/\/blogdoedvaldomagalhaes.com.br\/index.php\/wp-json\/wp\/v2\/media\/84178"}],"wp:attachment":[{"href":"https:\/\/blogdoedvaldomagalhaes.com.br\/index.php\/wp-json\/wp\/v2\/media?parent=84177"}],"wp:term":[{"taxonomy":"category","embeddable":true,"href":"https:\/\/blogdoedvaldomagalhaes.com.br\/index.php\/wp-json\/wp\/v2\/categories?post=84177"},{"taxonomy":"post_tag","embeddable":true,"href":"https:\/\/blogdoedvaldomagalhaes.com.br\/index.php\/wp-json\/wp\/v2\/tags?post=84177"}],"curies":[{"name":"wp","href":"https:\/\/api.w.org\/{rel}","templated":true}]}}