{"id":84173,"date":"2022-06-09T18:55:42","date_gmt":"2022-06-09T21:55:42","guid":{"rendered":"https:\/\/blogdoedvaldomagalhaes.com.br\/?p=84173"},"modified":"2022-06-09T18:58:29","modified_gmt":"2022-06-09T21:58:29","slug":"anderson-correia-homenageia-delegados-eduardo-sunaga-e-luiz-bernardo-na-camara-de-caruaru","status":"publish","type":"post","link":"https:\/\/blogdoedvaldomagalhaes.com.br\/index.php\/2022\/06\/09\/anderson-correia-homenageia-delegados-eduardo-sunaga-e-luiz-bernardo-na-camara-de-caruaru\/","title":{"rendered":"Anderson Correia homenageia delegados Eduardo Sunaga e Luiz Bernardo na C\u00e2mara de Caruaru"},"content":{"rendered":"<p style=\"text-align: justify;\"><span style=\"font-size: inherit;\">O vereador e pr\u00e9-candidato a deputado federal, Anderson Correia (PP), recebeu, na tarde desta quinta-feira (09), na C\u00e2mara Municipal de Caruaru, os delegados de Pol\u00edcia Civil Eduardo Sunaga e Luiz Bernardo, para a entrega de homenagens, por meio de uma Mo\u00e7\u00e3o de Aplausos a ambos, pelos relevantes servi\u00e7os prestados ao munic\u00edpio de Caruaru no \u00e2mbito da seguran\u00e7a p\u00fablica, no apoio ao combate aos maus-tratos contra os animais.<\/span><\/p>\n<p style=\"text-align: justify;\">As homenagens, que ocorreram antes do in\u00edcio da sess\u00e3o ordin\u00e1ria desta quinta-feira (09), foi um ato de gratid\u00e3o do parlamentar para com os delegados, que tem se mostrado parceiros da causa animal, em apoio nas dilig\u00eancias de resgates e outras situa\u00e7\u00f5es que envolvem a coibi\u00e7\u00e3o aos maus-tratos contra os animais na Capital do Agreste.<\/p>\n<p style=\"text-align: justify;\">\u201c\u00c9 uma honra contar com esses dois agentes da seguran\u00e7a p\u00fablica, que t\u00eam sido grandes aliados perante nossa luta de combater os crimes de maus-tratos em Caruaru. Minha gratid\u00e3o a ambos pela sensibilidade com a causa e por se mostrarem sempre dispostos a nos ajudar. S\u00e3o homens honrados, com voca\u00e7\u00e3o para o servi\u00e7o p\u00fablico e defesa da sociedade, que tem feito um excelente trabalho na prote\u00e7\u00e3o dos animais\u201d, destacou o edil.<\/p>\n","protected":false},"excerpt":{"rendered":"<p>O vereador e pr\u00e9-candidato a deputado federal, Anderson Correia (PP), recebeu, na tarde desta quinta-feira (09), na C\u00e2mara Municipal de&hellip;<\/p>\n","protected":false},"author":1,"featured_media":84176,"comment_status":"open","ping_status":"open","sticky":false,"template":"","format":"standard","meta":{"footnotes":""},"categories":[14122],"tags":[24845,2,19532,3406],"class_list":["post-84173","post","type-post","status-publish","format-standard","has-post-thumbnail","hentry","category-politica","tag-anderson-correia-homenageia-delegados-eduardo-sunaga-e-luiz-bernardo-na-camara-municipal-de-caruaru","tag-blog-do-edvaldo-magalhaes","tag-blog-mais-acessado-e-visualizado-de-caruaru-e-regiao","tag-caruaru"],"_links":{"self":[{"href":"https:\/\/blogdoedvaldomagalhaes.com.br\/index.php\/wp-json\/wp\/v2\/posts\/84173","targetHints":{"allow":["GET"]}}],"collection":[{"href":"https:\/\/blogdoedvaldomagalhaes.com.br\/index.php\/wp-json\/wp\/v2\/posts"}],"about":[{"href":"https:\/\/blogdoedvaldomagalhaes.com.br\/index.php\/wp-json\/wp\/v2\/types\/post"}],"author":[{"embeddable":true,"href":"https:\/\/blogdoedvaldomagalhaes.com.br\/index.php\/wp-json\/wp\/v2\/users\/1"}],"replies":[{"embeddable":true,"href":"https:\/\/blogdoedvaldomagalhaes.com.br\/index.php\/wp-json\/wp\/v2\/comments?post=84173"}],"version-history":[{"count":1,"href":"https:\/\/blogdoedvaldomagalhaes.com.br\/index.php\/wp-json\/wp\/v2\/posts\/84173\/revisions"}],"predecessor-version":[{"id":84175,"href":"https:\/\/blogdoedvaldomagalhaes.com.br\/index.php\/wp-json\/wp\/v2\/posts\/84173\/revisions\/84175"}],"wp:featuredmedia":[{"embeddable":true,"href":"https:\/\/blogdoedvaldomagalhaes.com.br\/index.php\/wp-json\/wp\/v2\/media\/84176"}],"wp:attachment":[{"href":"https:\/\/blogdoedvaldomagalhaes.com.br\/index.php\/wp-json\/wp\/v2\/media?parent=84173"}],"wp:term":[{"taxonomy":"category","embeddable":true,"href":"https:\/\/blogdoedvaldomagalhaes.com.br\/index.php\/wp-json\/wp\/v2\/categories?post=84173"},{"taxonomy":"post_tag","embeddable":true,"href":"https:\/\/blogdoedvaldomagalhaes.com.br\/index.php\/wp-json\/wp\/v2\/tags?post=84173"}],"curies":[{"name":"wp","href":"https:\/\/api.w.org\/{rel}","templated":true}]}}