{"id":84166,"date":"2022-06-09T13:23:49","date_gmt":"2022-06-09T16:23:49","guid":{"rendered":"https:\/\/blogdoedvaldomagalhaes.com.br\/?p=84166"},"modified":"2022-06-09T13:23:50","modified_gmt":"2022-06-09T16:23:50","slug":"procon-caruaru-verifica-mais-um-aumento-no-valor-cesta-basica","status":"publish","type":"post","link":"https:\/\/blogdoedvaldomagalhaes.com.br\/index.php\/2022\/06\/09\/procon-caruaru-verifica-mais-um-aumento-no-valor-cesta-basica\/","title":{"rendered":"Procon Caruaru verifica mais um aumento no valor cesta b\u00e1sica"},"content":{"rendered":"<p style=\"text-align: justify;\"><span style=\"font-size: inherit;\">A Ger\u00eancia Municipal de Prote\u00e7\u00e3o e Defesa do Consumidor &#8211; Procon Caruaru &#8211; realizou, entre os dias 23 e 25 de maio, uma pesquisa de varia\u00e7\u00e3o de pre\u00e7os da cesta b\u00e1sica referente ao m\u00eas. O levantamento foi feito em 13 estabelecimentos da cidade e monitorou, durante a fiscaliza\u00e7\u00e3o, o total de 27 itens, sendo 19 de alimentos, quatro de limpeza dom\u00e9stica e quatro de higiene pessoal.<\/span><\/p>\n<p style=\"text-align: justify;\">Em Caruaru, a cesta b\u00e1sica passou de R$ 621,46, em abril, para R$ 623,06, em maio. Um aumento percentual de 0,26%. O impacto no sal\u00e1rio m\u00ednimo, de R$ 1.212,00, chegou a 51,41%. Dentre os itens aliment\u00edcios pesquisados, os produtos que apresentaram maior alta na varia\u00e7\u00e3o de pre\u00e7os foram a farinha de mandioca (100,33%), a cebola (92,73%) e o alho (92,54%).<\/p>\n<p style=\"text-align: justify;\">Em rela\u00e7\u00e3o aos produtos de limpeza e higiene pessoal, a varia\u00e7\u00e3o dos pre\u00e7os tamb\u00e9m foi acima do esperado. Nos supermercados, no m\u00eas de maio a maior varia\u00e7\u00e3o de pre\u00e7os ficou com papel higi\u00eanico, embalagem com quatro unidades (380%), e a embalagem de absorventes \u00edntimos, com oito unidades (147,65%). O sab\u00e3o em p\u00f3, embalagem de 500 gramas, tamb\u00e9m apresenta grande varia\u00e7\u00e3o (138,36%).<\/p>\n<p style=\"text-align: justify;\">\u201cEm compara\u00e7\u00e3o com o valor da cesta b\u00e1sica do m\u00eas de dezembro de 2021, primeiro m\u00eas que fizemos pesquisa, a varia\u00e7\u00e3o para mais, foi de 9,48%. Em dezembro de 2021 essa mesma cesta custava em m\u00e9dia R$ 564. Atualmente, est\u00e1 custando R$ 623,06\u201d, analisou o gerente geral do Procon Caruaru, Nyverson Moura.<\/p>\n<p style=\"text-align: justify;\">A quantidade de itens previstos na cesta b\u00e1sica, que o Procon possui como refer\u00eancia na pesquisa, seria suficiente para alimentar uma fam\u00edlia de at\u00e9 quatro pessoas por 30 dias.O conte\u00fado completo do levantamento, com os pre\u00e7os aplicados em cada estabelecimento, est\u00e1 dispon\u00edvel no site da Prefeitura de Caruaru, atrav\u00e9s do link www.caruaru.pe.gov.br ou ainda pelo WhatsApp do Procon Caruaru: (81) 9 8384-5909.<\/p>\n\n\n<figure class=\"wp-block-image size-large\"><img loading=\"lazy\" decoding=\"async\" width=\"1024\" height=\"683\" src=\"https:\/\/blogdoedvaldomagalhaes.com.br\/wp-content\/uploads\/2022\/06\/IMG-20220609-WA0109-1024x683.jpg\" alt=\"\" class=\"wp-image-84167\" srcset=\"https:\/\/blogdoedvaldomagalhaes.com.br\/wp-content\/uploads\/2022\/06\/IMG-20220609-WA0109-1024x683.jpg 1024w, https:\/\/blogdoedvaldomagalhaes.com.br\/wp-content\/uploads\/2022\/06\/IMG-20220609-WA0109-300x200.jpg 300w, https:\/\/blogdoedvaldomagalhaes.com.br\/wp-content\/uploads\/2022\/06\/IMG-20220609-WA0109-768x512.jpg 768w, https:\/\/blogdoedvaldomagalhaes.com.br\/wp-content\/uploads\/2022\/06\/IMG-20220609-WA0109.jpg 1280w\" sizes=\"auto, (max-width: 1024px) 100vw, 1024px\" \/><figcaption>Fotos: Felipe Correia <\/figcaption><\/figure>\n","protected":false},"excerpt":{"rendered":"<p>A Ger\u00eancia Municipal de Prote\u00e7\u00e3o e Defesa do Consumidor &#8211; Procon Caruaru &#8211; realizou, entre os dias 23 e 25&hellip;<\/p>\n","protected":false},"author":1,"featured_media":84168,"comment_status":"open","ping_status":"open","sticky":false,"template":"","format":"standard","meta":{"footnotes":""},"categories":[14120],"tags":[2,19532,3406,24843],"class_list":["post-84166","post","type-post","status-publish","format-standard","has-post-thumbnail","hentry","category-noticias","tag-blog-do-edvaldo-magalhaes","tag-blog-mais-acessado-e-visualizado-de-caruaru-e-regiao","tag-caruaru","tag-procon-caruaru-verifica-mais-um-aumento-no-valor-cesta-basica"],"_links":{"self":[{"href":"https:\/\/blogdoedvaldomagalhaes.com.br\/index.php\/wp-json\/wp\/v2\/posts\/84166","targetHints":{"allow":["GET"]}}],"collection":[{"href":"https:\/\/blogdoedvaldomagalhaes.com.br\/index.php\/wp-json\/wp\/v2\/posts"}],"about":[{"href":"https:\/\/blogdoedvaldomagalhaes.com.br\/index.php\/wp-json\/wp\/v2\/types\/post"}],"author":[{"embeddable":true,"href":"https:\/\/blogdoedvaldomagalhaes.com.br\/index.php\/wp-json\/wp\/v2\/users\/1"}],"replies":[{"embeddable":true,"href":"https:\/\/blogdoedvaldomagalhaes.com.br\/index.php\/wp-json\/wp\/v2\/comments?post=84166"}],"version-history":[{"count":1,"href":"https:\/\/blogdoedvaldomagalhaes.com.br\/index.php\/wp-json\/wp\/v2\/posts\/84166\/revisions"}],"predecessor-version":[{"id":84169,"href":"https:\/\/blogdoedvaldomagalhaes.com.br\/index.php\/wp-json\/wp\/v2\/posts\/84166\/revisions\/84169"}],"wp:featuredmedia":[{"embeddable":true,"href":"https:\/\/blogdoedvaldomagalhaes.com.br\/index.php\/wp-json\/wp\/v2\/media\/84168"}],"wp:attachment":[{"href":"https:\/\/blogdoedvaldomagalhaes.com.br\/index.php\/wp-json\/wp\/v2\/media?parent=84166"}],"wp:term":[{"taxonomy":"category","embeddable":true,"href":"https:\/\/blogdoedvaldomagalhaes.com.br\/index.php\/wp-json\/wp\/v2\/categories?post=84166"},{"taxonomy":"post_tag","embeddable":true,"href":"https:\/\/blogdoedvaldomagalhaes.com.br\/index.php\/wp-json\/wp\/v2\/tags?post=84166"}],"curies":[{"name":"wp","href":"https:\/\/api.w.org\/{rel}","templated":true}]}}