{"id":8416,"date":"2016-09-04T14:10:00","date_gmt":"2016-09-04T17:10:00","guid":{"rendered":"http:\/\/blogdoedvaldomagalhaes.com.br\/index.php\/2016\/09\/04\/raquel-lyra-lanca-plano-de-governo\/"},"modified":"2019-02-09T00:57:43","modified_gmt":"2019-02-09T02:57:43","slug":"raquel-lyra-lanca-plano-de-governo","status":"publish","type":"post","link":"https:\/\/blogdoedvaldomagalhaes.com.br\/index.php\/2016\/09\/04\/raquel-lyra-lanca-plano-de-governo\/","title":{"rendered":"Raquel Lyra lan\u00e7a Plano de Governo"},"content":{"rendered":"<div class=\"separator\" style=\"clear: both; text-align: center;\">\n<a href=\"https:\/\/1.bp.blogspot.com\/-n9DHONygiKU\/V8wqBL9ez6I\/AAAAAAAAFvw\/hHjNm5tSBfks8QsswSkxs_VFpYKIllO5ACLcB\/s1600\/raquel.jpg\" imageanchor=\"1\" style=\"margin-left: 1em; margin-right: 1em;\"><img loading=\"lazy\" decoding=\"async\" border=\"0\" height=\"225\" src=\"http:\/\/blogdoedvaldomagalhaes.com.br\/wp-content\/uploads\/2016\/09\/raquel.jpg\" width=\"400\" \/><\/a><\/div>\n<div class=\"separator\" style=\"clear: both; text-align: center;\">\n<\/div>\n<div class=\"separator\" style=\"clear: both; text-align: justify;\">\nA candidata a prefeita de Caruaru, Raquel Lyra (PSDB), lan\u00e7ou neste s\u00e1bado (3), no Monte Bom Jesus, o seu programa de governo, um documento com 26 p\u00e1ginas com propostas em v\u00e1rias \u00e1reas. O Programa adota o conceito de Eixos, com propostas para situa\u00e7\u00f5es espec\u00edficas, como \u00e9 o caso da Feira da Sulanca, que a candidata afirma transferir sem custo para os sulanqueiros que mais precisam.<\/div>\n<div class=\"separator\" style=\"clear: both; text-align: justify;\">\n<\/div>\n<div class=\"separator\" style=\"clear: both; text-align: justify;\">\n\u201cEsse \u00e9 um Programa de Governo constru\u00eddo pelo povo de Caruaru. Para isso, criamos o Mobiliza Caruaru, uma estrat\u00e9gia de escuta da sociedade atrav\u00e9s de plataforma web, encontros, reuni\u00f5es, plen\u00e1rias. Percorremos todos os cantos da cidade, conversamos com as pessoas olho no olho e as contribui\u00e7\u00f5es s\u00e3o surpreendentes e valiosas e confirmam a necessidade de mudan\u00e7a. Foram 34 encontros presenciais na cidade e na zona rural, com mais de 1500 participantes, onde colhemos 750 propostas. Escutamos homens, mulheres, crian\u00e7as, jovens, idosos para ter um programa com o sentimento e a cara do povo de Caruaru\u201d, disse Raquel.<\/div>\n<div class=\"separator\" style=\"clear: both; text-align: justify;\">\n<\/div>\n<div class=\"separator\" style=\"clear: both; text-align: justify;\">\nOs Eixos foram divididos assim: 1. Educa\u00e7\u00e3o: Transformar Caruaru pela Educa\u00e7\u00e3o; 2. Desenvolvimento Social e Direitos Humanos: Inclus\u00e3o Social, protagonismo e oportunidades; 3. Sa\u00fade: Viver mais e com mais Sa\u00fade; 4. Infraestrutura e Qualidade de Vida: Prover infraestrutura adequada e contribuir para melhoria da qualidade de vida. 5. Sustentabilidade e Desenvolvimento Integrado: Economia din\u00e2mica, diversificada, competitiva, com crescimento sustent\u00e1vel e inclusivo. 6. Governan\u00e7a, Gest\u00e3o Participativa e Transparente: Gest\u00e3o com as Pessoas e para as Pessoas.<\/div>\n","protected":false},"excerpt":{"rendered":"<p>A candidata a prefeita de Caruaru, Raquel Lyra (PSDB), lan\u00e7ou neste s\u00e1bado (3), no Monte Bom Jesus, o seu programa&hellip;<\/p>\n","protected":false},"author":1,"featured_media":0,"comment_status":"open","ping_status":"open","sticky":false,"template":"","format":"standard","meta":{"footnotes":""},"categories":[1],"tags":[2,4776,3955,3121,20,1951,12459,1766],"class_list":["post-8416","post","type-post","status-publish","format-standard","hentry","category-sem-categoria","tag-blog-do-edvaldo-magalhaes","tag-feira-da-sulanca","tag-monte-bom-jesus","tag-noticias-da-politica","tag-politica","tag-psdb","tag-raquel-lyra-lanca-plano-de-governo","tag-rodrigo-pinheiro"],"_links":{"self":[{"href":"https:\/\/blogdoedvaldomagalhaes.com.br\/index.php\/wp-json\/wp\/v2\/posts\/8416","targetHints":{"allow":["GET"]}}],"collection":[{"href":"https:\/\/blogdoedvaldomagalhaes.com.br\/index.php\/wp-json\/wp\/v2\/posts"}],"about":[{"href":"https:\/\/blogdoedvaldomagalhaes.com.br\/index.php\/wp-json\/wp\/v2\/types\/post"}],"author":[{"embeddable":true,"href":"https:\/\/blogdoedvaldomagalhaes.com.br\/index.php\/wp-json\/wp\/v2\/users\/1"}],"replies":[{"embeddable":true,"href":"https:\/\/blogdoedvaldomagalhaes.com.br\/index.php\/wp-json\/wp\/v2\/comments?post=8416"}],"version-history":[{"count":1,"href":"https:\/\/blogdoedvaldomagalhaes.com.br\/index.php\/wp-json\/wp\/v2\/posts\/8416\/revisions"}],"predecessor-version":[{"id":12068,"href":"https:\/\/blogdoedvaldomagalhaes.com.br\/index.php\/wp-json\/wp\/v2\/posts\/8416\/revisions\/12068"}],"wp:attachment":[{"href":"https:\/\/blogdoedvaldomagalhaes.com.br\/index.php\/wp-json\/wp\/v2\/media?parent=8416"}],"wp:term":[{"taxonomy":"category","embeddable":true,"href":"https:\/\/blogdoedvaldomagalhaes.com.br\/index.php\/wp-json\/wp\/v2\/categories?post=8416"},{"taxonomy":"post_tag","embeddable":true,"href":"https:\/\/blogdoedvaldomagalhaes.com.br\/index.php\/wp-json\/wp\/v2\/tags?post=8416"}],"curies":[{"name":"wp","href":"https:\/\/api.w.org\/{rel}","templated":true}]}}