{"id":8413,"date":"2016-09-05T09:55:00","date_gmt":"2016-09-05T12:55:00","guid":{"rendered":"http:\/\/blogdoedvaldomagalhaes.com.br\/index.php\/2016\/09\/05\/quatro-pessoas-sao-assassinadas-e-2\/"},"modified":"2019-02-09T00:57:45","modified_gmt":"2019-02-09T02:57:45","slug":"quatro-pessoas-sao-assassinadas-e-2","status":"publish","type":"post","link":"https:\/\/blogdoedvaldomagalhaes.com.br\/index.php\/2016\/09\/05\/quatro-pessoas-sao-assassinadas-e-2\/","title":{"rendered":"Quatro pessoas s\u00e3o assassinadas em Caruaru no fim de semana"},"content":{"rendered":"<div id=\"resize\" style=\"margin-top: 40px; text-align: justify;\">\n<div style=\"text-align: justify;\">\n<div class=\"separator\" style=\"clear: both; font-size: 15px; text-align: center;\">\n<a href=\"https:\/\/3.bp.blogspot.com\/-Ys4NPKOgSWI\/V81BNW_yJzI\/AAAAAAAAFww\/UZj9Yc7HVPIsu0pI4qv6rx4z5K9Wcq-7QCLcB\/s1600\/VIOLENCIA.jpg\" imageanchor=\"1\" style=\"margin-left: 1em; margin-right: 1em;\"><img loading=\"lazy\" decoding=\"async\" border=\"0\" height=\"298\" src=\"http:\/\/blogdoedvaldomagalhaes.com.br\/wp-content\/uploads\/2016\/09\/VIOLENCIA.jpg\" width=\"400\" \/><\/a><\/div>\n<div style=\"font-size: 15px; text-align: center;\">\n&nbsp;(Arte: Juliana Siqueira\/R\u00e1dio Liberdade)<\/div>\n<p><\/div>\n<div style=\"text-align: justify;\">\nO fim de semana foi marcado pela<br \/>\nviol\u00eancia em Pernambuco, com o registro de 48 homic\u00eddios, sendo 25 nas<br \/>\n\u00faltimas 24 horas. Em Caruaru, ocorreram quatro assassinatos e tr\u00eas<br \/>\ntentativas, de acordo com informa\u00e7\u00f5es da R\u00e1dio Liberdade.<\/p>\n<p><\/p>\n<div class=\"separator\" style=\"clear: both; text-align: center;\">\n<a href=\"https:\/\/1.bp.blogspot.com\/-MS0WxqfCQEI\/V81TckffyjI\/AAAAAAAAFxY\/p6xx0mF-F-AlltxVBUBJ0kbnSWWrqe1oACLcB\/s1600\/iml.JPG\" imageanchor=\"1\" style=\"margin-left: 1em; margin-right: 1em;\"><img loading=\"lazy\" decoding=\"async\" border=\"0\" height=\"212\" src=\"http:\/\/blogdoedvaldomagalhaes.com.br\/wp-content\/uploads\/2016\/09\/iml.jpg\" width=\"320\" \/><\/a><\/div>\n<\/div>\n<div style=\"text-align: justify;\">\n<\/div>\n<div style=\"text-align: justify;\">\n<br \/>\nNa Rua da Lata II, bairro S\u00e3o Jo\u00e3o da Esc\u00f3cia, foi morto Merison dos Santos Silva, 25 anos. Ele foi atingido com dois tiros.<\/div>\n<div style=\"text-align: justify;\">\n<\/div>\n<div style=\"text-align: justify;\">\n<br \/>\nNa Rua Santa Cec\u00edlia, bairro Santa Rosa,<br \/>\n tr\u00eas pessoas foram baleadas e uma morreu. Jos\u00e9 M\u00e1rio de Lima, 51 anos,<br \/>\nfoi atingido com dois tiros e n\u00e3o resistiu. Dois adolescentes de 16 e 17<br \/>\n anos foram socorridos para o Hospital Regional do Agreste (HRA).<\/p>\n<div class=\"separator\" style=\"clear: both; text-align: center;\">\n<a href=\"https:\/\/1.bp.blogspot.com\/-K4N7BrFZEZU\/V81Tor7TgCI\/AAAAAAAAFxc\/ntfZ_Sj45roR6J7kXKHhl6tg0DpEq4BhwCLcB\/s1600\/sta.JPG\" imageanchor=\"1\" style=\"margin-left: 1em; margin-right: 1em;\"><img loading=\"lazy\" decoding=\"async\" border=\"0\" height=\"266\" src=\"http:\/\/blogdoedvaldomagalhaes.com.br\/wp-content\/uploads\/2016\/09\/sta.jpg\" width=\"400\" \/><\/a><\/div>\n<\/div>\n<div style=\"text-align: justify;\">\n<\/div>\n<div style=\"text-align: justify;\">\n<br \/>\nNa Rua Americano Freire, bairro do<br \/>\nSalgado, foi morto Jailson Sebasti\u00e3o da Silva Santos, 25 anos. Ele foi<br \/>\nexecutado com sete tiros.<\/div>\n<div style=\"text-align: justify;\">\n<\/div>\n<div style=\"text-align: justify;\">\n<br \/>\nE morreu no HRA, o homem de 31 anos<br \/>\nagredido a pedras e esfaqueado na Estrada do S\u00edtio Cip\u00f3. Eliab Jos\u00e9 foi<br \/>\nencontrado com uma faca cravada no t\u00f3rax.<\/div>\n<div style=\"text-align: justify;\">\n<\/div>\n<div style=\"text-align: justify;\">\n<br \/>\nNa Vila Andorinha, um homem de 39 anos<br \/>\nsofreu tentativa de homic\u00eddio. Jos\u00e9 Sotero Salvador foi esfaqueado e<br \/>\nsocorrido para o HRA.<\/div>\n<div style=\"text-align: justify;\">\n<\/div>\n<div style=\"text-align: justify;\">\n<br \/>\nEm setembro, quatro pessoas foram assassinadas em Caruaru elevando para 150 o n\u00famero de homic\u00eddios em 2016 no munic\u00edpio.<\/p>\n<p><\/p>\n<div class=\"separator\" style=\"clear: both; text-align: center;\">\n<a href=\"https:\/\/2.bp.blogspot.com\/-DzGpa9k5fjw\/V81SV3HDyVI\/AAAAAAAAFxM\/2Z-8vFgo78E7rwfqoGsbr6Pu-yNyoKKCQCLcB\/s1600\/homicidio.jpg\" imageanchor=\"1\" style=\"margin-left: 1em; margin-right: 1em;\"><img loading=\"lazy\" decoding=\"async\" border=\"0\" height=\"300\" src=\"http:\/\/blogdoedvaldomagalhaes.com.br\/wp-content\/uploads\/2016\/09\/homicidio-1.jpg\" width=\"400\" \/><\/a><\/div>\n<p><\/div>\n<\/div>\n","protected":false},"excerpt":{"rendered":"<p>&nbsp;(Arte: Juliana Siqueira\/R\u00e1dio Liberdade) O fim de semana foi marcado pela viol\u00eancia em Pernambuco, com o registro de 48 homic\u00eddios,&hellip;<\/p>\n","protected":false},"author":1,"featured_media":0,"comment_status":"open","ping_status":"open","sticky":false,"template":"","format":"standard","meta":{"footnotes":""},"categories":[1],"tags":[2126,2,312,13,12453],"class_list":["post-8413","post","type-post","status-publish","format-standard","hentry","category-sem-categoria","tag-bairro-sao-joao-da-escocia","tag-blog-do-edvaldo-magalhaes","tag-hospital-regional-do-agreste","tag-policial","tag-quatro-pessoas-sao-assassinadas-em-caruaru-no-fim-de-semana"],"_links":{"self":[{"href":"https:\/\/blogdoedvaldomagalhaes.com.br\/index.php\/wp-json\/wp\/v2\/posts\/8413","targetHints":{"allow":["GET"]}}],"collection":[{"href":"https:\/\/blogdoedvaldomagalhaes.com.br\/index.php\/wp-json\/wp\/v2\/posts"}],"about":[{"href":"https:\/\/blogdoedvaldomagalhaes.com.br\/index.php\/wp-json\/wp\/v2\/types\/post"}],"author":[{"embeddable":true,"href":"https:\/\/blogdoedvaldomagalhaes.com.br\/index.php\/wp-json\/wp\/v2\/users\/1"}],"replies":[{"embeddable":true,"href":"https:\/\/blogdoedvaldomagalhaes.com.br\/index.php\/wp-json\/wp\/v2\/comments?post=8413"}],"version-history":[{"count":1,"href":"https:\/\/blogdoedvaldomagalhaes.com.br\/index.php\/wp-json\/wp\/v2\/posts\/8413\/revisions"}],"predecessor-version":[{"id":12079,"href":"https:\/\/blogdoedvaldomagalhaes.com.br\/index.php\/wp-json\/wp\/v2\/posts\/8413\/revisions\/12079"}],"wp:attachment":[{"href":"https:\/\/blogdoedvaldomagalhaes.com.br\/index.php\/wp-json\/wp\/v2\/media?parent=8413"}],"wp:term":[{"taxonomy":"category","embeddable":true,"href":"https:\/\/blogdoedvaldomagalhaes.com.br\/index.php\/wp-json\/wp\/v2\/categories?post=8413"},{"taxonomy":"post_tag","embeddable":true,"href":"https:\/\/blogdoedvaldomagalhaes.com.br\/index.php\/wp-json\/wp\/v2\/tags?post=8413"}],"curies":[{"name":"wp","href":"https:\/\/api.w.org\/{rel}","templated":true}]}}