{"id":8410,"date":"2016-09-05T15:34:00","date_gmt":"2016-09-05T18:34:00","guid":{"rendered":"http:\/\/blogdoedvaldomagalhaes.com.br\/index.php\/2016\/09\/05\/sismuc-convoca-servidores-para-2\/"},"modified":"2019-02-09T00:57:45","modified_gmt":"2019-02-09T02:57:45","slug":"sismuc-convoca-servidores-para-2","status":"publish","type":"post","link":"https:\/\/blogdoedvaldomagalhaes.com.br\/index.php\/2016\/09\/05\/sismuc-convoca-servidores-para-2\/","title":{"rendered":"Sismuc convoca servidores para assembl\u00e9ia e acompanhar vota\u00e7\u00e3o de projeto na C\u00e2mara"},"content":{"rendered":"<div class=\"separator\" style=\"clear: both; text-align: center;\">\n<a href=\"https:\/\/2.bp.blogspot.com\/-G9Y6D52l3tE\/V82QIm6LxFI\/AAAAAAAAFx4\/DpvS8BRra-YseXph7u_YpmFGqlZSNSmPQCLcB\/s1600\/sismuc.png\" imageanchor=\"1\" style=\"margin-left: 1em; margin-right: 1em;\"><img loading=\"lazy\" decoding=\"async\" border=\"0\" height=\"279\" src=\"http:\/\/blogdoedvaldomagalhaes.com.br\/wp-content\/uploads\/2016\/09\/sismuc.png\" width=\"400\" \/><\/a><\/div>\n<div style=\"margin-bottom: 6px; margin-top: 6px; text-align: justify;\">\nO SISMUC Regional convoca todos os Servidores P\u00fablicos da Educa\u00e7\u00e3o, para participarem de Assembl\u00e9ia Geral Extraordin\u00e1ria, a ser realizada nesta ter\u00e7a-feira (6), a partir das 8h, na sede do sindicato, localizada na Rua Padre F\u00e9lix Barreto, 50, Maur\u00edcio de Nassau. Na Pauta: Informes Gerais, e Discuss\u00e3o do Projeto de Valoriza\u00e7\u00e3o dos Docentes.&nbsp;<\/div>\n<div class=\"separator\" style=\"clear: both; text-align: center;\">\n<a href=\"https:\/\/4.bp.blogspot.com\/-UaUNylEXZ3o\/V82QeG8FA8I\/AAAAAAAAFx8\/TPYm_vIVTocyts7CUOhxlvAnrcYKSamPwCLcB\/s1600\/camara.jpg\" imageanchor=\"1\" style=\"margin-left: 1em; margin-right: 1em;\"><img loading=\"lazy\" decoding=\"async\" border=\"0\" height=\"240\" src=\"http:\/\/blogdoedvaldomagalhaes.com.br\/wp-content\/uploads\/2016\/09\/camara.jpg\" width=\"320\" \/><\/a><\/div>\n<div style=\"margin-bottom: 6px; margin-top: 6px; text-align: justify;\">\nAp\u00f3s a assembl\u00e9ia, os servidores ir\u00e3o a C\u00e2mara Municipal de Caruaru, que vota o Projeto de Lei n\u00ba 7.109\/2016, de autoria do Poder Executivo, que implanta o Programa de Valoriza\u00e7\u00e3o do Trabalho Docente no munic\u00edpio. O programa aborda a normatiza\u00e7\u00e3o das atividades docentes, como o planejamento, a execu\u00e7\u00e3o, acompanhamento e avalia\u00e7\u00e3o das atividades, carga hor\u00e1ria, regime de trabalho, intervalo entre os turnos e o di\u00e1rio de classe, al\u00e9m de propor a cria\u00e7\u00e3o do N\u00facleo de Assist\u00eancia ao Trabalhador em Educa\u00e7\u00e3o e a cria\u00e7\u00e3o da Patrulha Escolar.<\/div>\n<div style=\"margin-bottom: 6px; margin-top: 6px; text-align: justify;\">\nO texto passou pela an\u00e1lise \u2013 e recebeu emendas \u2013 das comiss\u00f5es parlamentares de Legisla\u00e7\u00e3o e Reda\u00e7\u00e3o de Leis e de Educa\u00e7\u00e3o, Cultura e Esportes e foi tamb\u00e9m debatido com representantes dos sindicatos dos Professores de Pernambuco (Sinpro-PE), dos Trabalhadores em Educa\u00e7\u00e3o do Estado e da Rede P\u00fablica Municipal de Caruaru (Sintepe e Sinteduc) e dos Servidores Municipais de Caruaru (Sismuc).<\/div>\n<div style=\"margin-bottom: 6px; margin-top: 6px; text-align: justify;\">\n<b>Sindicatos divergem<\/b><\/div>\n<div style=\"margin-bottom: 6px; margin-top: 6px; text-align: justify;\">\nPara o presidente do Sismuc, Eduardo Mendon\u00e7a, o programa n\u00e3o vai trazer a valoriza\u00e7\u00e3o que a categoria espera, apesar de abordar quest\u00f5es b\u00e1sicas do cotidiano dos professores. \u201cEu n\u00e3o vi muito em que est\u00e1 contida essa valoriza\u00e7\u00e3o. Precisamos debater \u00e9 o PCC\u201d, comentou o dirigente sindical. J\u00e1 para Fred Santiago, presidente do Sinteduc, o projeto de lei vai implicar em melhores condi\u00e7\u00f5es de trabalho para os docentes. \u201cO programa vai trazer in\u00fameros benef\u00edcios para a categoria, combatendo a precariza\u00e7\u00e3o e intensifica\u00e7\u00e3o do trabalho, bem como o ass\u00e9dio moral. Vale lembrar que o referido programa foi uma iniciativa do Sinteduc, amplamente debatida nas assembleias\u201d, contrap\u00f4s Santiago, que levou o assunto para debate na reuni\u00e3o p\u00fablica da C\u00e2mara na \u00faltima quinta-feira (01).<\/div>\n<div style=\"margin-bottom: 6px; margin-top: 6px; text-align: justify;\">\n<\/div>\n<div style=\"margin-bottom: 6px; margin-top: 6px; text-align: justify;\">\nA vota\u00e7\u00e3o do projeto de lei acontecer\u00e1 na reuni\u00e3o ordin\u00e1ria desta ter\u00e7a-feira, \u00e0s 9h da manh\u00e3. Para ser aprovado, o projeto \u2013 dispon\u00edvel para consulta no Arquivo P\u00fablico da C\u00e2mara \u2013 deve passar por duas discuss\u00f5es para retornar para a san\u00e7\u00e3o do Executivo e ent\u00e3o virar lei.<\/div>\n","protected":false},"excerpt":{"rendered":"<p>O SISMUC Regional convoca todos os Servidores P\u00fablicos da Educa\u00e7\u00e3o, para participarem de Assembl\u00e9ia Geral Extraordin\u00e1ria, a ser realizada nesta&hellip;<\/p>\n","protected":false},"author":1,"featured_media":0,"comment_status":"open","ping_status":"open","sticky":false,"template":"","format":"standard","meta":{"footnotes":""},"categories":[1],"tags":[2,3236,6,1950,12449],"class_list":["post-8410","post","type-post","status-publish","format-standard","hentry","category-sem-categoria","tag-blog-do-edvaldo-magalhaes","tag-eduardo-mendonca","tag-noticias","tag-noticias-de-caruaru","tag-sismuc-convoca-servidores-para-assembleia-e-acompanhar-votacao-de-projeto-na-camara"],"_links":{"self":[{"href":"https:\/\/blogdoedvaldomagalhaes.com.br\/index.php\/wp-json\/wp\/v2\/posts\/8410","targetHints":{"allow":["GET"]}}],"collection":[{"href":"https:\/\/blogdoedvaldomagalhaes.com.br\/index.php\/wp-json\/wp\/v2\/posts"}],"about":[{"href":"https:\/\/blogdoedvaldomagalhaes.com.br\/index.php\/wp-json\/wp\/v2\/types\/post"}],"author":[{"embeddable":true,"href":"https:\/\/blogdoedvaldomagalhaes.com.br\/index.php\/wp-json\/wp\/v2\/users\/1"}],"replies":[{"embeddable":true,"href":"https:\/\/blogdoedvaldomagalhaes.com.br\/index.php\/wp-json\/wp\/v2\/comments?post=8410"}],"version-history":[{"count":1,"href":"https:\/\/blogdoedvaldomagalhaes.com.br\/index.php\/wp-json\/wp\/v2\/posts\/8410\/revisions"}],"predecessor-version":[{"id":12086,"href":"https:\/\/blogdoedvaldomagalhaes.com.br\/index.php\/wp-json\/wp\/v2\/posts\/8410\/revisions\/12086"}],"wp:attachment":[{"href":"https:\/\/blogdoedvaldomagalhaes.com.br\/index.php\/wp-json\/wp\/v2\/media?parent=8410"}],"wp:term":[{"taxonomy":"category","embeddable":true,"href":"https:\/\/blogdoedvaldomagalhaes.com.br\/index.php\/wp-json\/wp\/v2\/categories?post=8410"},{"taxonomy":"post_tag","embeddable":true,"href":"https:\/\/blogdoedvaldomagalhaes.com.br\/index.php\/wp-json\/wp\/v2\/tags?post=8410"}],"curies":[{"name":"wp","href":"https:\/\/api.w.org\/{rel}","templated":true}]}}