{"id":841,"date":"2018-10-31T13:43:00","date_gmt":"2018-10-31T15:43:00","guid":{"rendered":"http:\/\/blogdoedvaldomagalhaes.com.br\/index.php\/2018\/10\/31\/chapa-da-oab-pra-seguir-avancando-lanca\/"},"modified":"2019-02-09T02:37:41","modified_gmt":"2019-02-09T04:37:41","slug":"chapa-da-oab-pra-seguir-avancando-lanca","status":"publish","type":"post","link":"https:\/\/blogdoedvaldomagalhaes.com.br\/index.php\/2018\/10\/31\/chapa-da-oab-pra-seguir-avancando-lanca\/","title":{"rendered":"Chapa da OAB \u201cPra Seguir Avan\u00e7ando\u201d lan\u00e7a candidatura nesta quarta-feira (31)"},"content":{"rendered":"<div class=\"separator\" style=\"clear: both; text-align: center;\">\n<a href=\"https:\/\/1.bp.blogspot.com\/-GQC-3qRB-Es\/W9mxCuQvxtI\/AAAAAAAA8s0\/0sVBhGGp4k4i-Bxa_k5NWiAzVbwP0T5ywCLcBGAs\/s1600\/oab%2B2.jpg\" imageanchor=\"1\" style=\"margin-left: 1em; margin-right: 1em;\"><img loading=\"lazy\" decoding=\"async\" border=\"0\" data-original-height=\"660\" data-original-width=\"660\" height=\"640\" src=\"http:\/\/blogdoedvaldomagalhaes.com.br\/wp-content\/uploads\/2018\/10\/oab2.jpg\" width=\"640\" \/><\/a><\/div>\n<div style=\"background-color: white; border: 0px; margin-bottom: 1.5em; outline: 0px; padding: 0px; text-align: justify; vertical-align: baseline;\">\n<\/div>\n<div style=\"background-color: white; border: 0px; margin-bottom: 1.5em; outline: 0px; padding: 0px; text-align: justify; vertical-align: baseline;\">\nNesta quarta-feira (31), ser\u00e1 realizado o lan\u00e7amento da chapa da elei\u00e7\u00e3o da OAB Caruaru \u201cPra Seguir Avan\u00e7ando\u201d \u2013 que tem os advogados Fernando J\u00fanior e L\u00facia Cardozo nas vagas de presidente e vice-presidente, respectivamente, para o pr\u00f3ximo tri\u00eanio 2019\/2021.<\/div>\n<div style=\"background-color: white; border: 0px; outline: 0px; padding: 0px; text-align: justify; vertical-align: baseline;\">\nO evento ser\u00e1 realizado no sal\u00e3o DiFest, localizado na Rua Marcionilo Francisco, 345, bairro Universit\u00e1rio, a partir da 20h, e contar\u00e1 com a presen\u00e7a dos integrantes da chapa, de advogados da regi\u00e3o, dos atuais presidentes da OAB\/PE Ronnie Duarte e OAB\/Caruaru Felipe Sampaio, do candidato da OAB\/PE Bruno Batista, entre outros apoiadores da candidatura.<\/div>\n<div style=\"background-color: white; border: 0px; outline: 0px; padding: 0px; text-align: justify; vertical-align: baseline;\">\n<\/div>\n","protected":false},"excerpt":{"rendered":"<p>Nesta quarta-feira (31), ser\u00e1 realizado o lan\u00e7amento da chapa da elei\u00e7\u00e3o da OAB Caruaru \u201cPra Seguir Avan\u00e7ando\u201d \u2013 que tem&hellip;<\/p>\n","protected":false},"author":1,"featured_media":0,"comment_status":"open","ping_status":"open","sticky":false,"template":"","format":"standard","meta":{"footnotes":""},"categories":[1],"tags":[2,785,6],"class_list":["post-841","post","type-post","status-publish","format-standard","hentry","category-sem-categoria","tag-blog-do-edvaldo-magalhaes","tag-chapa-da-oab-pra-seguir-avancando-lanca-candidatura-nesta-quarta-feira-31","tag-noticias"],"_links":{"self":[{"href":"https:\/\/blogdoedvaldomagalhaes.com.br\/index.php\/wp-json\/wp\/v2\/posts\/841","targetHints":{"allow":["GET"]}}],"collection":[{"href":"https:\/\/blogdoedvaldomagalhaes.com.br\/index.php\/wp-json\/wp\/v2\/posts"}],"about":[{"href":"https:\/\/blogdoedvaldomagalhaes.com.br\/index.php\/wp-json\/wp\/v2\/types\/post"}],"author":[{"embeddable":true,"href":"https:\/\/blogdoedvaldomagalhaes.com.br\/index.php\/wp-json\/wp\/v2\/users\/1"}],"replies":[{"embeddable":true,"href":"https:\/\/blogdoedvaldomagalhaes.com.br\/index.php\/wp-json\/wp\/v2\/comments?post=841"}],"version-history":[{"count":1,"href":"https:\/\/blogdoedvaldomagalhaes.com.br\/index.php\/wp-json\/wp\/v2\/posts\/841\/revisions"}],"predecessor-version":[{"id":35421,"href":"https:\/\/blogdoedvaldomagalhaes.com.br\/index.php\/wp-json\/wp\/v2\/posts\/841\/revisions\/35421"}],"wp:attachment":[{"href":"https:\/\/blogdoedvaldomagalhaes.com.br\/index.php\/wp-json\/wp\/v2\/media?parent=841"}],"wp:term":[{"taxonomy":"category","embeddable":true,"href":"https:\/\/blogdoedvaldomagalhaes.com.br\/index.php\/wp-json\/wp\/v2\/categories?post=841"},{"taxonomy":"post_tag","embeddable":true,"href":"https:\/\/blogdoedvaldomagalhaes.com.br\/index.php\/wp-json\/wp\/v2\/tags?post=841"}],"curies":[{"name":"wp","href":"https:\/\/api.w.org\/{rel}","templated":true}]}}