{"id":8405,"date":"2016-09-05T22:51:00","date_gmt":"2016-09-06T01:51:00","guid":{"rendered":"http:\/\/blogdoedvaldomagalhaes.com.br\/index.php\/2016\/09\/05\/sulanqueiros-assaltados-quando-vinha\/"},"modified":"2019-02-09T00:57:50","modified_gmt":"2019-02-09T02:57:50","slug":"sulanqueiros-assaltados-quando-vinha","status":"publish","type":"post","link":"https:\/\/blogdoedvaldomagalhaes.com.br\/index.php\/2016\/09\/05\/sulanqueiros-assaltados-quando-vinha\/","title":{"rendered":"Sulanqueiros assaltados quando vinham comprar em Caruaru"},"content":{"rendered":"<div class=\"separator\" style=\"clear: both; text-align: center;\">\n<a href=\"https:\/\/2.bp.blogspot.com\/-ebOLLTLuy5g\/V832sVqL4vI\/AAAAAAAAFz0\/F1pCy2GRyckmVTVcChJilbrTRNW_1bVkACLcB\/s1600\/assalto.jpg\" imageanchor=\"1\" style=\"margin-left: 1em; margin-right: 1em;\"><img loading=\"lazy\" decoding=\"async\" border=\"0\" height=\"300\" src=\"http:\/\/blogdoedvaldomagalhaes.com.br\/wp-content\/uploads\/2016\/09\/assalto.jpg\" width=\"400\" \/><\/a><\/div>\n<div align=\"JUSTIFY\" class=\"western\" style=\"background-color: #fcfcfc; border: 0px; box-sizing: border-box; color: #333333; font-family: Roboto, Arial, Tahoma, sans-serif; font-size: 13px; font-stretch: inherit; font-variant-numeric: inherit; line-height: 21px; margin-bottom: 10px; padding: 0px; vertical-align: baseline;\">\n<\/div>\n<div class=\"western\" style=\"background-color: #fcfcfc; border: 0px; box-sizing: border-box; font-stretch: inherit; line-height: 21px; margin-bottom: 10px; padding: 0px; text-align: justify; vertical-align: baseline;\">\nUma kombi com sulanqueiros que vinha de Ara\u00e7oiaba para Caruaru, foi parada e as pessoas assaltadas, na BR-232, em Bezerros na madrugada desta segunda-feira (5). Segundo a Pol\u00edcia Rodovi\u00e1ria Federal, nove pessoas seguiam em uma kombi para feira da sulanca, quando foram abordados por uma caminhonete, onde estavam cerca de cinco criminosos fortemente armados. Os assaltantes levaram dinheiro e celulares dos sulanqueiros. Nenhuma das v\u00edtimas ficou ferida durante a a\u00e7\u00e3o. Segundo a pol\u00edcia, nenhum criminoso foi localizado at\u00e9 o momento.<\/div>\n<div class=\"western\" style=\"background-color: #fcfcfc; border: 0px; box-sizing: border-box; font-stretch: inherit; line-height: 21px; margin-bottom: 10px; padding: 0px; text-align: justify; vertical-align: baseline;\">\nOutro ve\u00edculo de sulanqueiros que vinha de Santa Cruz do Capibaribe para Caruaru foi abordado por assaltantes entre a Vila do Socorro e a cidade de Toritama, tamb\u00e9m na madrugada de hoje (5). De acordo com a PRF, duas pessoas seguiam em um ve\u00edculo com uma mercadoria avaliada em 60 mil reais, quando foram abordados por 3 criminosos em outro ve\u00edculo. Os criminosos, armados, renderam os sulanqueiros e levaram a mercadoria. As v\u00edtimas estiveram no posto da Juriti onde registraram o caso.<\/div>\n","protected":false},"excerpt":{"rendered":"<p>Uma kombi com sulanqueiros que vinha de Ara\u00e7oiaba para Caruaru, foi parada e as pessoas assaltadas, na BR-232, em Bezerros&hellip;<\/p>\n","protected":false},"author":1,"featured_media":0,"comment_status":"open","ping_status":"open","sticky":false,"template":"","format":"standard","meta":{"footnotes":""},"categories":[1],"tags":[12435,2,1950,13,287,1315,12436],"class_list":["post-8405","post","type-post","status-publish","format-standard","hentry","category-sem-categoria","tag-aracoiaba","tag-blog-do-edvaldo-magalhaes","tag-noticias-de-caruaru","tag-policial","tag-prf","tag-santa-cruz-do-capibaribe","tag-sulanqueiros-assaltados-quando-vinham-comprar-em-caruaru"],"_links":{"self":[{"href":"https:\/\/blogdoedvaldomagalhaes.com.br\/index.php\/wp-json\/wp\/v2\/posts\/8405","targetHints":{"allow":["GET"]}}],"collection":[{"href":"https:\/\/blogdoedvaldomagalhaes.com.br\/index.php\/wp-json\/wp\/v2\/posts"}],"about":[{"href":"https:\/\/blogdoedvaldomagalhaes.com.br\/index.php\/wp-json\/wp\/v2\/types\/post"}],"author":[{"embeddable":true,"href":"https:\/\/blogdoedvaldomagalhaes.com.br\/index.php\/wp-json\/wp\/v2\/users\/1"}],"replies":[{"embeddable":true,"href":"https:\/\/blogdoedvaldomagalhaes.com.br\/index.php\/wp-json\/wp\/v2\/comments?post=8405"}],"version-history":[{"count":1,"href":"https:\/\/blogdoedvaldomagalhaes.com.br\/index.php\/wp-json\/wp\/v2\/posts\/8405\/revisions"}],"predecessor-version":[{"id":12104,"href":"https:\/\/blogdoedvaldomagalhaes.com.br\/index.php\/wp-json\/wp\/v2\/posts\/8405\/revisions\/12104"}],"wp:attachment":[{"href":"https:\/\/blogdoedvaldomagalhaes.com.br\/index.php\/wp-json\/wp\/v2\/media?parent=8405"}],"wp:term":[{"taxonomy":"category","embeddable":true,"href":"https:\/\/blogdoedvaldomagalhaes.com.br\/index.php\/wp-json\/wp\/v2\/categories?post=8405"},{"taxonomy":"post_tag","embeddable":true,"href":"https:\/\/blogdoedvaldomagalhaes.com.br\/index.php\/wp-json\/wp\/v2\/tags?post=8405"}],"curies":[{"name":"wp","href":"https:\/\/api.w.org\/{rel}","templated":true}]}}