{"id":8403,"date":"2016-09-06T03:05:00","date_gmt":"2016-09-06T06:05:00","guid":{"rendered":"http:\/\/blogdoedvaldomagalhaes.com.br\/index.php\/2016\/09\/06\/bancarios-iniciaram-uma-greve-por-tempo\/"},"modified":"2019-02-09T00:57:51","modified_gmt":"2019-02-09T02:57:51","slug":"bancarios-iniciaram-uma-greve-por-tempo","status":"publish","type":"post","link":"https:\/\/blogdoedvaldomagalhaes.com.br\/index.php\/2016\/09\/06\/bancarios-iniciaram-uma-greve-por-tempo\/","title":{"rendered":"Banc\u00e1rios iniciaram uma greve por tempo indeterminado"},"content":{"rendered":"<div id=\"resize\" style=\"color: #333333; font-family: &quot;Open Sans&quot;, sans-serif; font-size: 15px; list-style: none; margin-top: 40px; text-align: justify;\">\n<div class=\"separator\" style=\"clear: both; text-align: center;\">\n<a href=\"https:\/\/4.bp.blogspot.com\/-rwdiMuVpALM\/V835zJnWq2I\/AAAAAAAAF0A\/GrhInXjSMh8sRhrq0grY7u7zqKhxjPKWwCLcB\/s1600\/gtreve.jpg\" imageanchor=\"1\" style=\"margin-left: 1em; margin-right: 1em; text-align: center;\"><img loading=\"lazy\" decoding=\"async\" border=\"0\" height=\"266\" src=\"http:\/\/blogdoedvaldomagalhaes.com.br\/wp-content\/uploads\/2016\/09\/gtreve.jpg\" width=\"400\" \/><\/a><\/div>\n<div class=\"separator\" style=\"clear: both; text-align: center;\">\n<\/div>\n<div style=\"list-style: none;\">\n<\/div>\n<div style=\"list-style: none;\">\nOs banc\u00e1rios iniciaram uma greve nesta ter\u00e7a-feira (6), por tempo indeterminado, em todo o Brasil. Funcionam a partir de hoje apenas servi\u00e7os de autoatendimento. A principal reivindica\u00e7\u00e3o \u00e9 um reajuste de 14,78%. A Federa\u00e7\u00e3o Nacional dos Bancos (Fenaban) ofereceu 6,5% e abono de 3 mil reais, mas a categoria n\u00e3o aceitou.<\/div>\n<div style=\"list-style: none;\">\n&nbsp;<\/div>\n<div style=\"list-style: none;\">\nEm Pernambuco, existem 500 ag\u00eancias e 12 mil banc\u00e1rios. Em Caruaru, s\u00e3o 20 institui\u00e7\u00f5es e cerca de 300 trabalhadores.<\/div>\n<div style=\"list-style: none;\">\n&nbsp;<\/div>\n<div style=\"list-style: none;\">\nPara garantir o sucesso da paralisa\u00e7\u00e3o, o Sindicato dos Banc\u00e1rios formar\u00e1 comando de greve que visitar\u00e1 as ag\u00eancias com o objetivo de mobilizar a categoria.<\/div>\n<div style=\"list-style: none;\">\n&nbsp;<\/div>\n<div style=\"list-style: none;\">\nEm 2015, uma greve dos banc\u00e1rios durou mais de 20 dias e a conquista foi um reajuste salarial de 10%.<\/div>\n<\/div>\n","protected":false},"excerpt":{"rendered":"<p>Os banc\u00e1rios iniciaram uma greve nesta ter\u00e7a-feira (6), por tempo indeterminado, em todo o Brasil. Funcionam a partir de hoje&hellip;<\/p>\n","protected":false},"author":1,"featured_media":0,"comment_status":"open","ping_status":"open","sticky":false,"template":"","format":"standard","meta":{"footnotes":""},"categories":[1],"tags":[12433,2,11846,6,10063],"class_list":["post-8403","post","type-post","status-publish","format-standard","hentry","category-sem-categoria","tag-bancarios-iniciaram-uma-greve-por-tempo-indeterminado","tag-blog-do-edvaldo-magalhaes","tag-fenaban","tag-noticias","tag-sindicato-dos-bancarios-de-caruaru"],"_links":{"self":[{"href":"https:\/\/blogdoedvaldomagalhaes.com.br\/index.php\/wp-json\/wp\/v2\/posts\/8403","targetHints":{"allow":["GET"]}}],"collection":[{"href":"https:\/\/blogdoedvaldomagalhaes.com.br\/index.php\/wp-json\/wp\/v2\/posts"}],"about":[{"href":"https:\/\/blogdoedvaldomagalhaes.com.br\/index.php\/wp-json\/wp\/v2\/types\/post"}],"author":[{"embeddable":true,"href":"https:\/\/blogdoedvaldomagalhaes.com.br\/index.php\/wp-json\/wp\/v2\/users\/1"}],"replies":[{"embeddable":true,"href":"https:\/\/blogdoedvaldomagalhaes.com.br\/index.php\/wp-json\/wp\/v2\/comments?post=8403"}],"version-history":[{"count":1,"href":"https:\/\/blogdoedvaldomagalhaes.com.br\/index.php\/wp-json\/wp\/v2\/posts\/8403\/revisions"}],"predecessor-version":[{"id":12116,"href":"https:\/\/blogdoedvaldomagalhaes.com.br\/index.php\/wp-json\/wp\/v2\/posts\/8403\/revisions\/12116"}],"wp:attachment":[{"href":"https:\/\/blogdoedvaldomagalhaes.com.br\/index.php\/wp-json\/wp\/v2\/media?parent=8403"}],"wp:term":[{"taxonomy":"category","embeddable":true,"href":"https:\/\/blogdoedvaldomagalhaes.com.br\/index.php\/wp-json\/wp\/v2\/categories?post=8403"},{"taxonomy":"post_tag","embeddable":true,"href":"https:\/\/blogdoedvaldomagalhaes.com.br\/index.php\/wp-json\/wp\/v2\/tags?post=8403"}],"curies":[{"name":"wp","href":"https:\/\/api.w.org\/{rel}","templated":true}]}}