{"id":8401,"date":"2016-09-06T03:05:00","date_gmt":"2016-09-06T06:05:00","guid":{"rendered":"http:\/\/blogdoedvaldomagalhaes.com.br\/index.php\/2016\/09\/06\/agenda-dos-candidatos-prefeito-de_6\/"},"modified":"2019-02-09T00:57:51","modified_gmt":"2019-02-09T02:57:51","slug":"agenda-dos-candidatos-prefeito-de_6","status":"publish","type":"post","link":"https:\/\/blogdoedvaldomagalhaes.com.br\/index.php\/2016\/09\/06\/agenda-dos-candidatos-prefeito-de_6\/","title":{"rendered":"Agenda dos candidatos a prefeito de Caruaru nesta ter\u00e7a (6)"},"content":{"rendered":"<div class=\"separator\" style=\"clear: both; text-align: center;\">\n<a href=\"https:\/\/1.bp.blogspot.com\/-Xw41fazC4Mw\/V84gwETIrvI\/AAAAAAAAF0g\/7VbKHE8HrvsniTVEkO7oDBQPD6VL7Eo5QCLcB\/s1600\/agenda.jpg\" imageanchor=\"1\" style=\"margin-left: 1em; margin-right: 1em;\"><img loading=\"lazy\" decoding=\"async\" border=\"0\" height=\"151\" src=\"http:\/\/blogdoedvaldomagalhaes.com.br\/wp-content\/uploads\/2016\/09\/agenda-5.jpg\" width=\"400\" \/><\/a><\/div>\n<div class=\"separator\" style=\"clear: both; text-align: left;\">\n<\/div>\n<div class=\"separator\" style=\"clear: both; text-align: left;\">\n<b>Tony Gel (PMDB)<\/b><\/div>\n<div class=\"separator\" style=\"clear: both; text-align: left;\">\n<b><br \/><\/b><\/div>\n<div class=\"separator\" style=\"clear: both; text-align: left;\">\n08h &#8211; Grava\u00e7\u00e3o para o guia eleitoral<\/div>\n<div class=\"separator\" style=\"clear: both; text-align: left;\">\n15h &#8211; Reuni\u00e3o com a coordena\u00e7\u00e3o da campanha<\/div>\n<div class=\"separator\" style=\"clear: both; text-align: left;\">\n19h30 &#8211; Inaugura\u00e7\u00e3o do comit\u00ea de um candidato a vereador no bairro Caiuc\u00e1<\/div>\n<div class=\"separator\" style=\"clear: both; text-align: left;\">\n20h30 &#8211; Reuni\u00e3o com lideran\u00e7as, no bairro Divin\u00f3polis<\/div>\n<div class=\"separator\" style=\"clear: both; text-align: left;\">\n<\/div>\n<div class=\"separator\" style=\"clear: both; text-align: left;\">\n<b>Raquel Lyra (PSDB)<\/b><\/div>\n<div class=\"separator\" style=\"clear: both; text-align: left;\">\n<b><br \/><\/b><\/div>\n<div class=\"separator\" style=\"clear: both; text-align: left;\">\n08h &#8211; Grava\u00e7\u00e3o para o guia eleitoral<\/div>\n<div class=\"separator\" style=\"clear: both; text-align: left;\">\n11h &#8211; Reuni\u00e3o com a coordena\u00e7\u00e3o da campanha<\/div>\n<div class=\"separator\" style=\"clear: both; text-align: left;\">\n14h &#8211; Grava\u00e7\u00e3o do guia eleitoral&nbsp;<\/div>\n<div class=\"separator\" style=\"clear: both; text-align: left;\">\n16h30 &#8211; Porta a porta em Terra Vermelha<\/div>\n<div class=\"separator\" style=\"clear: both; text-align: left;\">\n19h &#8211; Reuni\u00e3o com profissionais de sa\u00fade<\/div>\n<div class=\"separator\" style=\"clear: both; text-align: left;\">\n20h &#8211; Inaugura\u00e7\u00e3o de comit\u00ea de candidato a vereador<\/div>\n<div class=\"separator\" style=\"clear: both; text-align: left;\">\n<\/div>\n<div class=\"separator\" style=\"clear: both; text-align: left;\">\n<b>Erick Lessa (PR)<\/b><\/div>\n<div class=\"separator\" style=\"clear: both; text-align: left;\">\n<b><br \/><\/b><\/div>\n<div class=\"separator\" style=\"clear: both; text-align: left;\">\n09h30 &#8211; Visita \u00e0 F\u00e1brica da Moda<\/div>\n<div class=\"separator\" style=\"clear: both; text-align: left;\">\n11h &#8211; Visita \u00e0 uma f\u00e1brica de confec\u00e7\u00f5es, no bairro do Salgado<\/div>\n<div class=\"separator\" style=\"clear: both; text-align: left;\">\n15h &#8211; Port aa porta na Vila Kennedy<\/div>\n<div class=\"separator\" style=\"clear: both; text-align: left;\">\n18h &#8211; Reuni\u00e3o com moradores do bairro Vassoural<\/div>\n<div class=\"separator\" style=\"clear: both; text-align: left;\">\n19h30 &#8211; Visita ao p\u00e1tio de eventos e academias<\/div>\n<div class=\"separator\" style=\"clear: both; text-align: left;\">\n<\/div>\n<div class=\"separator\" style=\"clear: both; text-align: left;\">\n<b>Jorge Gomes (PSB)<\/b><\/div>\n<div class=\"separator\" style=\"clear: both; text-align: left;\">\n<b><br \/><\/b><\/div>\n<div dir=\"ltr\" style=\"background-color: white;\">\n<b>11h<\/b>&nbsp;&#8211; Entrevista a uma R\u00e1dio<\/div>\n<div dir=\"ltr\" style=\"background-color: white;\">\n<b>13h<\/b>&nbsp;&#8211; visita ao curso de Medicina da UFPE<\/div>\n<div dir=\"ltr\" style=\"background-color: white;\">\n<b>17h30<\/b>&nbsp;&#8211; &nbsp;Entrevista a uma r\u00e1dio Comunit\u00e1ria<\/div>\n<div dir=\"ltr\" style=\"background-color: white;\">\n<b>19h<\/b>&nbsp;&#8211; Reuni\u00e3o de mobiliza\u00e7\u00e3o<\/div>\n<div class=\"separator\" style=\"clear: both;\">\n<\/div>\n<div dir=\"ltr\" style=\"background-color: white;\">\n<b>21h<\/b>&nbsp;&#8211; Reuni\u00e3o com lideran\u00e7as<\/p>\n<p><b>Jefferson Abra\u00e3o (PCB)<\/b><br \/>\n<b><br \/><\/b><br \/>\n<b>9h<\/b> &#8211; Acompanha vota\u00e7\u00e3o na C\u00e2mara de Vereadores;<br \/>\n<b>14h<\/b> &#8211; Reuni\u00e3o no partido<br \/>\n<b>19h<\/b> &#8211; Visita uma escola particular.&nbsp;<\/div>\n<div class=\"separator\" style=\"clear: both; text-align: left;\">\n<\/div>\n<div class=\"separator\" style=\"clear: both; text-align: left;\">\nEstamos aguardando a divulga\u00e7\u00e3o das agendas dos candidatos Eduardo Guerra (PSOL), e Rivaldo Soares (PHS). Quando recebermos, postaremos<\/div>\n<div class=\"separator\" style=\"clear: both; text-align: left;\">\n<\/div>\n<div class=\"separator\" style=\"clear: both; text-align: left;\">\n<\/div>\n<p><\/p>\n","protected":false},"excerpt":{"rendered":"<p>Tony Gel (PMDB) 08h &#8211; Grava\u00e7\u00e3o para o guia eleitoral 15h &#8211; Reuni\u00e3o com a coordena\u00e7\u00e3o da campanha 19h30 &#8211;&hellip;<\/p>\n","protected":false},"author":1,"featured_media":0,"comment_status":"open","ping_status":"open","sticky":false,"template":"","format":"standard","meta":{"footnotes":""},"categories":[1],"tags":[12429,2,11977,9402,11982,5151,20,1229,11979,995],"class_list":["post-8401","post","type-post","status-publish","format-standard","hentry","category-sem-categoria","tag-agenda-dos-candidatos-a-prefeito-de-caruaru-nesta-terca-6","tag-blog-do-edvaldo-magalhaes","tag-eduardo-guerra","tag-erick-lessa","tag-jefferson-abraao","tag-jorge-gomes","tag-politica","tag-raquel-lyra","tag-rivaldo-soares","tag-tony-gel"],"_links":{"self":[{"href":"https:\/\/blogdoedvaldomagalhaes.com.br\/index.php\/wp-json\/wp\/v2\/posts\/8401","targetHints":{"allow":["GET"]}}],"collection":[{"href":"https:\/\/blogdoedvaldomagalhaes.com.br\/index.php\/wp-json\/wp\/v2\/posts"}],"about":[{"href":"https:\/\/blogdoedvaldomagalhaes.com.br\/index.php\/wp-json\/wp\/v2\/types\/post"}],"author":[{"embeddable":true,"href":"https:\/\/blogdoedvaldomagalhaes.com.br\/index.php\/wp-json\/wp\/v2\/users\/1"}],"replies":[{"embeddable":true,"href":"https:\/\/blogdoedvaldomagalhaes.com.br\/index.php\/wp-json\/wp\/v2\/comments?post=8401"}],"version-history":[{"count":1,"href":"https:\/\/blogdoedvaldomagalhaes.com.br\/index.php\/wp-json\/wp\/v2\/posts\/8401\/revisions"}],"predecessor-version":[{"id":12112,"href":"https:\/\/blogdoedvaldomagalhaes.com.br\/index.php\/wp-json\/wp\/v2\/posts\/8401\/revisions\/12112"}],"wp:attachment":[{"href":"https:\/\/blogdoedvaldomagalhaes.com.br\/index.php\/wp-json\/wp\/v2\/media?parent=8401"}],"wp:term":[{"taxonomy":"category","embeddable":true,"href":"https:\/\/blogdoedvaldomagalhaes.com.br\/index.php\/wp-json\/wp\/v2\/categories?post=8401"},{"taxonomy":"post_tag","embeddable":true,"href":"https:\/\/blogdoedvaldomagalhaes.com.br\/index.php\/wp-json\/wp\/v2\/tags?post=8401"}],"curies":[{"name":"wp","href":"https:\/\/api.w.org\/{rel}","templated":true}]}}