{"id":83978,"date":"2022-06-05T09:14:55","date_gmt":"2022-06-05T12:14:55","guid":{"rendered":"https:\/\/blogdoedvaldomagalhaes.com.br\/?p=83978"},"modified":"2022-06-05T11:46:56","modified_gmt":"2022-06-05T14:46:56","slug":"veja-como-foi-a-abertura-do-sao-joao-2022-de-caruaru","status":"publish","type":"post","link":"https:\/\/blogdoedvaldomagalhaes.com.br\/index.php\/2022\/06\/05\/veja-como-foi-a-abertura-do-sao-joao-2022-de-caruaru\/","title":{"rendered":"Veja como foi a abertura do S\u00e3o Jo\u00e3o 2022 de Caruaru"},"content":{"rendered":"<p style=\"text-align: justify;\"><span style=\"font-size: inherit;\">Ap\u00f3s dois anos foi dado o pontap\u00e9 inicial do Maior e Melhor S\u00e3o Jo\u00e3o do Mundo, o S\u00e3o Jo\u00e3o do Reencontro, em Caruaru, no Agreste do Estado. A abertura oficial foi realizada na noite desse s\u00e1bado (4), em um dos pontos tur\u00edsticos mais antigos da cidade, na Esta\u00e7\u00e3o Ferrovi\u00e1ria.<\/span><\/p>\n<p style=\"text-align: justify;\">A primeira noite da festa junina mais conhecida do Brasil foi marcada por tradicionais apresenta\u00e7\u00f5es culturais, quadrilhas, desfiles de bacamarteiros, muito forr\u00f3 p\u00e9 de serra e cora\u00e7\u00f5es saudosos. Al\u00e9m da tradicional entrega da bandeira do S\u00e3o Jo\u00e3o, os visitantes presenciaram um show de fogos de artif\u00edcio, abrilhantando ainda mais a noite.<\/p>\n<p style=\"text-align: justify;\">A solenidade contou ainda com a presen\u00e7a de autoridades e v\u00e1rios pol\u00edticos do estado de Pernambuco.<\/p>\n\n\n<figure class=\"wp-block-image size-large\"><img loading=\"lazy\" decoding=\"async\" width=\"817\" height=\"552\" src=\"https:\/\/blogdoedvaldomagalhaes.com.br\/wp-content\/uploads\/2022\/06\/IMG-20220605-WA0018.jpg\" alt=\"\" class=\"wp-image-83980\" srcset=\"https:\/\/blogdoedvaldomagalhaes.com.br\/wp-content\/uploads\/2022\/06\/IMG-20220605-WA0018.jpg 817w, https:\/\/blogdoedvaldomagalhaes.com.br\/wp-content\/uploads\/2022\/06\/IMG-20220605-WA0018-300x203.jpg 300w, https:\/\/blogdoedvaldomagalhaes.com.br\/wp-content\/uploads\/2022\/06\/IMG-20220605-WA0018-768x519.jpg 768w\" sizes=\"auto, (max-width: 817px) 100vw, 817px\" \/><figcaption>Prefeito Rodrigo Pinheiro e ex-prefeita Raquel Lyra <\/figcaption><\/figure>\n\n\n\n<figure class=\"wp-block-image size-large\"><img loading=\"lazy\" decoding=\"async\" width=\"1024\" height=\"682\" src=\"https:\/\/blogdoedvaldomagalhaes.com.br\/wp-content\/uploads\/2022\/06\/IMG-20220605-WA0020-1024x682.jpg\" alt=\"\" class=\"wp-image-83981\" srcset=\"https:\/\/blogdoedvaldomagalhaes.com.br\/wp-content\/uploads\/2022\/06\/IMG-20220605-WA0020-1024x682.jpg 1024w, https:\/\/blogdoedvaldomagalhaes.com.br\/wp-content\/uploads\/2022\/06\/IMG-20220605-WA0020-300x200.jpg 300w, https:\/\/blogdoedvaldomagalhaes.com.br\/wp-content\/uploads\/2022\/06\/IMG-20220605-WA0020-768x512.jpg 768w, https:\/\/blogdoedvaldomagalhaes.com.br\/wp-content\/uploads\/2022\/06\/IMG-20220605-WA0020.jpg 1280w\" sizes=\"auto, (max-width: 1024px) 100vw, 1024px\" \/><figcaption>Banda de P\u00edfanos <\/figcaption><\/figure>\n\n\n\n<figure class=\"wp-block-image size-large\"><img loading=\"lazy\" decoding=\"async\" width=\"1024\" height=\"718\" src=\"https:\/\/blogdoedvaldomagalhaes.com.br\/wp-content\/uploads\/2022\/06\/IMG-20220605-WA0021-1024x718.jpg\" alt=\"\" class=\"wp-image-83982\" srcset=\"https:\/\/blogdoedvaldomagalhaes.com.br\/wp-content\/uploads\/2022\/06\/IMG-20220605-WA0021-1024x718.jpg 1024w, https:\/\/blogdoedvaldomagalhaes.com.br\/wp-content\/uploads\/2022\/06\/IMG-20220605-WA0021-300x210.jpg 300w, https:\/\/blogdoedvaldomagalhaes.com.br\/wp-content\/uploads\/2022\/06\/IMG-20220605-WA0021-768x539.jpg 768w, https:\/\/blogdoedvaldomagalhaes.com.br\/wp-content\/uploads\/2022\/06\/IMG-20220605-WA0021.jpg 1280w\" sizes=\"auto, (max-width: 1024px) 100vw, 1024px\" \/><figcaption>Bacamarteiro<\/figcaption><\/figure>\n\n\n<p style=\"text-align: justify;\"><span style=\"font-size: inherit;\">A primeira noite de shows no polo principal do Parque de Eventos Luiz Lua Gonzaga fez jus ao S\u00e3o Jo\u00e3o do Reencontro, conforme est\u00e1 sendo chamando, em 2022, os festejos juninos da Capital do Forr\u00f3. Durante os quatros shows realizados, na noite deste s\u00e1bado (04), uma verdadeira multid\u00e3o de forrozeiros matou a saudade de vivenciar o Maior e Melhor S\u00e3o Jo\u00e3o do Mundo, depois de dois anos de suspens\u00e3o do evento, em decorr\u00eancia da pandemia da Covid-19, transbordando sentimentos de alegria, emo\u00e7\u00e3o, \u00eaxtase, saudade e tudo mais a que tinha direito.<\/span><\/p>\n<p style=\"text-align: justify;\">Os cora\u00e7\u00f5es e os olhos dos presentes, respectivamente, bateram mais forte e se encheram de l\u00e1grimas, logo na abertura da programa\u00e7\u00e3o, com o verdadeiro concerto de m\u00fasica regional interpretado pela Orquestra de P\u00edfanos de Caruaru. Regida sob a batuta do maestro Mozart, a orquestra saudou a todos que chegavam ao P\u00e1tio com can\u00e7\u00f5es de \u00edcones da MPB, a exemplos de Luiz Gonzaga, Jackson do Pandeiro e da Banda de P\u00edfanos de Caruaru.<\/p>\n<p style=\"text-align: justify;\">Na sequ\u00eancia foi a vez de Elba Ramalho n\u00e3o deixar ningu\u00e9m parado no polo principal do S\u00e3o Jo\u00e3o do Reencontro. Ela se apresentou juntamente da quadrilha caruaruense Molecodrilha. Antes de subir ao palco, ela falou sobre a emo\u00e7\u00e3o de abrir novamente os festejos juninos de Caruaru. \u201cFant\u00e1stico abrirmos mais uma temporada junina em Caruaru. Uma emo\u00e7\u00e3o indescrit\u00edvel cantar no palco da Capital do Forr\u00f3&#8221;.<\/p>\n<p style=\"text-align: justify;\">Coube a Solange Almeida a responsabilidade de manterem aquecidos os cora\u00e7\u00f5es dos forrozeiros, na noite fria deste s\u00e1bado. Em pouco mais de uma hora de apresenta\u00e7\u00e3o, a ex-cantora de Avi\u00f5es do Forr\u00f3 levou o p\u00fablico ao del\u00edrio com cl\u00e1ssicos da banda cearense e do forr\u00f3 estilizado. Esta foi a primeira vez que a artista baiana se apresentou no palco do P\u00e1tio de Eventos Luiz Gonzaga, em carreira solo.<\/p>\n<p style=\"text-align: justify;\">E por falar em artista de sotaque baiano, a primeira noite do S\u00e3o Jo\u00e3o 2022 foi fechada por ningu\u00e9m mais do que Cl\u00e1udia Leite. Com um repert\u00f3rio mesclado de sucessos de seus mais de 20 anos de carreira e de artistas nacionais, Claudinha agradou e muito \u00e0 multid\u00e3o que permaneceu at\u00e9 o final da programa\u00e7\u00e3o. De acordo com a estimativa da Funda\u00e7\u00e3o de Cultura de Caruaru, aproximadamente 60 mil pessoas estiveram acompanhando a maratona de shows deste s\u00e1bado.<\/p>\n<p>Fotos: Jorge Farias e Elvis \u00c9dson.&nbsp;<\/p>\n\n\n<figure class=\"wp-block-image size-large\"><img loading=\"lazy\" decoding=\"async\" width=\"1024\" height=\"683\" src=\"https:\/\/blogdoedvaldomagalhaes.com.br\/wp-content\/uploads\/2022\/06\/IMG-20220605-WA0029-1024x683.jpg\" alt=\"\" class=\"wp-image-83992\" srcset=\"https:\/\/blogdoedvaldomagalhaes.com.br\/wp-content\/uploads\/2022\/06\/IMG-20220605-WA0029-1024x683.jpg 1024w, https:\/\/blogdoedvaldomagalhaes.com.br\/wp-content\/uploads\/2022\/06\/IMG-20220605-WA0029-300x200.jpg 300w, https:\/\/blogdoedvaldomagalhaes.com.br\/wp-content\/uploads\/2022\/06\/IMG-20220605-WA0029-768x512.jpg 768w, https:\/\/blogdoedvaldomagalhaes.com.br\/wp-content\/uploads\/2022\/06\/IMG-20220605-WA0029-1536x1024.jpg 1536w, https:\/\/blogdoedvaldomagalhaes.com.br\/wp-content\/uploads\/2022\/06\/IMG-20220605-WA0029.jpg 1599w\" sizes=\"auto, (max-width: 1024px) 100vw, 1024px\" \/><figcaption>Elba Ramalho <\/figcaption><\/figure>\n\n\n\n<figure class=\"wp-block-image size-large\"><img loading=\"lazy\" decoding=\"async\" width=\"1024\" height=\"683\" src=\"https:\/\/blogdoedvaldomagalhaes.com.br\/wp-content\/uploads\/2022\/06\/IMG-20220605-WA0026-1024x683.jpg\" alt=\"\" class=\"wp-image-83989\" srcset=\"https:\/\/blogdoedvaldomagalhaes.com.br\/wp-content\/uploads\/2022\/06\/IMG-20220605-WA0026-1024x683.jpg 1024w, https:\/\/blogdoedvaldomagalhaes.com.br\/wp-content\/uploads\/2022\/06\/IMG-20220605-WA0026-300x200.jpg 300w, https:\/\/blogdoedvaldomagalhaes.com.br\/wp-content\/uploads\/2022\/06\/IMG-20220605-WA0026-768x512.jpg 768w, https:\/\/blogdoedvaldomagalhaes.com.br\/wp-content\/uploads\/2022\/06\/IMG-20220605-WA0026-1536x1024.jpg 1536w, https:\/\/blogdoedvaldomagalhaes.com.br\/wp-content\/uploads\/2022\/06\/IMG-20220605-WA0026.jpg 1599w\" sizes=\"auto, (max-width: 1024px) 100vw, 1024px\" \/><figcaption>Solange Almeida <\/figcaption><\/figure>\n\n\n\n<figure class=\"wp-block-image size-large\"><img loading=\"lazy\" decoding=\"async\" width=\"1024\" height=\"682\" src=\"https:\/\/blogdoedvaldomagalhaes.com.br\/wp-content\/uploads\/2022\/06\/IMG-20220605-WA0024-1024x682.jpg\" alt=\"\" class=\"wp-image-83995\" srcset=\"https:\/\/blogdoedvaldomagalhaes.com.br\/wp-content\/uploads\/2022\/06\/IMG-20220605-WA0024-1024x682.jpg 1024w, https:\/\/blogdoedvaldomagalhaes.com.br\/wp-content\/uploads\/2022\/06\/IMG-20220605-WA0024-300x200.jpg 300w, https:\/\/blogdoedvaldomagalhaes.com.br\/wp-content\/uploads\/2022\/06\/IMG-20220605-WA0024-768x512.jpg 768w, https:\/\/blogdoedvaldomagalhaes.com.br\/wp-content\/uploads\/2022\/06\/IMG-20220605-WA0024-1536x1023.jpg 1536w, https:\/\/blogdoedvaldomagalhaes.com.br\/wp-content\/uploads\/2022\/06\/IMG-20220605-WA0024.jpg 1600w\" sizes=\"auto, (max-width: 1024px) 100vw, 1024px\" \/><figcaption>Cl\u00e1udia Leitte <\/figcaption><\/figure>\n\n\n\n<figure class=\"wp-block-image size-large\"><img loading=\"lazy\" decoding=\"async\" width=\"1024\" height=\"576\" src=\"https:\/\/blogdoedvaldomagalhaes.com.br\/wp-content\/uploads\/2022\/06\/IMG-20220603-WA0313-1024x576.jpg\" alt=\"\" class=\"wp-image-83944\" srcset=\"https:\/\/blogdoedvaldomagalhaes.com.br\/wp-content\/uploads\/2022\/06\/IMG-20220603-WA0313-1024x576.jpg 1024w, https:\/\/blogdoedvaldomagalhaes.com.br\/wp-content\/uploads\/2022\/06\/IMG-20220603-WA0313-300x169.jpg 300w, https:\/\/blogdoedvaldomagalhaes.com.br\/wp-content\/uploads\/2022\/06\/IMG-20220603-WA0313-768x432.jpg 768w, https:\/\/blogdoedvaldomagalhaes.com.br\/wp-content\/uploads\/2022\/06\/IMG-20220603-WA0313-1140x641.jpg 1140w, https:\/\/blogdoedvaldomagalhaes.com.br\/wp-content\/uploads\/2022\/06\/IMG-20220603-WA0313-720x405.jpg 720w, https:\/\/blogdoedvaldomagalhaes.com.br\/wp-content\/uploads\/2022\/06\/IMG-20220603-WA0313.jpg 1280w\" sizes=\"auto, (max-width: 1024px) 100vw, 1024px\" \/><\/figure>\n\n\n\n<figure class=\"wp-block-image size-large\"><img loading=\"lazy\" decoding=\"async\" width=\"1024\" height=\"576\" src=\"https:\/\/blogdoedvaldomagalhaes.com.br\/wp-content\/uploads\/2022\/06\/banner-video-1024x576.png\" alt=\"\" class=\"wp-image-83961\" srcset=\"https:\/\/blogdoedvaldomagalhaes.com.br\/wp-content\/uploads\/2022\/06\/banner-video-1024x576.png 1024w, https:\/\/blogdoedvaldomagalhaes.com.br\/wp-content\/uploads\/2022\/06\/banner-video-300x169.png 300w, https:\/\/blogdoedvaldomagalhaes.com.br\/wp-content\/uploads\/2022\/06\/banner-video-768x432.png 768w, https:\/\/blogdoedvaldomagalhaes.com.br\/wp-content\/uploads\/2022\/06\/banner-video-1536x864.png 1536w, https:\/\/blogdoedvaldomagalhaes.com.br\/wp-content\/uploads\/2022\/06\/banner-video-1140x641.png 1140w, https:\/\/blogdoedvaldomagalhaes.com.br\/wp-content\/uploads\/2022\/06\/banner-video-720x405.png 720w, https:\/\/blogdoedvaldomagalhaes.com.br\/wp-content\/uploads\/2022\/06\/banner-video.png 1920w\" sizes=\"auto, (max-width: 1024px) 100vw, 1024px\" \/><\/figure>\n\n\n\n<figure class=\"wp-block-image size-large\"><img loading=\"lazy\" decoding=\"async\" width=\"1024\" height=\"1024\" src=\"https:\/\/blogdoedvaldomagalhaes.com.br\/wp-content\/uploads\/2022\/06\/IMG-20220604-WA0069-1024x1024.jpg\" alt=\"\" class=\"wp-image-83947\" srcset=\"https:\/\/blogdoedvaldomagalhaes.com.br\/wp-content\/uploads\/2022\/06\/IMG-20220604-WA0069-1024x1024.jpg 1024w, https:\/\/blogdoedvaldomagalhaes.com.br\/wp-content\/uploads\/2022\/06\/IMG-20220604-WA0069-300x300.jpg 300w, https:\/\/blogdoedvaldomagalhaes.com.br\/wp-content\/uploads\/2022\/06\/IMG-20220604-WA0069-150x150.jpg 150w, https:\/\/blogdoedvaldomagalhaes.com.br\/wp-content\/uploads\/2022\/06\/IMG-20220604-WA0069-768x768.jpg 768w, https:\/\/blogdoedvaldomagalhaes.com.br\/wp-content\/uploads\/2022\/06\/IMG-20220604-WA0069.jpg 1418w\" sizes=\"auto, (max-width: 1024px) 100vw, 1024px\" \/><\/figure>\n\n\n\n<figure class=\"wp-block-image size-large\"><img loading=\"lazy\" decoding=\"async\" width=\"1024\" height=\"576\" src=\"https:\/\/blogdoedvaldomagalhaes.com.br\/wp-content\/uploads\/2022\/06\/IMG-20220605-WA0089-1024x576.jpg\" alt=\"\" class=\"wp-image-84002\" srcset=\"https:\/\/blogdoedvaldomagalhaes.com.br\/wp-content\/uploads\/2022\/06\/IMG-20220605-WA0089-1024x576.jpg 1024w, https:\/\/blogdoedvaldomagalhaes.com.br\/wp-content\/uploads\/2022\/06\/IMG-20220605-WA0089-300x169.jpg 300w, https:\/\/blogdoedvaldomagalhaes.com.br\/wp-content\/uploads\/2022\/06\/IMG-20220605-WA0089-768x432.jpg 768w, https:\/\/blogdoedvaldomagalhaes.com.br\/wp-content\/uploads\/2022\/06\/IMG-20220605-WA0089-1140x641.jpg 1140w, https:\/\/blogdoedvaldomagalhaes.com.br\/wp-content\/uploads\/2022\/06\/IMG-20220605-WA0089-720x405.jpg 720w, https:\/\/blogdoedvaldomagalhaes.com.br\/wp-content\/uploads\/2022\/06\/IMG-20220605-WA0089.jpg 1280w\" sizes=\"auto, (max-width: 1024px) 100vw, 1024px\" \/><\/figure>\n\n\n\n<figure class=\"wp-block-image size-large\"><img loading=\"lazy\" decoding=\"async\" width=\"1024\" height=\"576\" src=\"https:\/\/blogdoedvaldomagalhaes.com.br\/wp-content\/uploads\/2022\/06\/IMG-20220605-WA0088-1024x576.jpg\" alt=\"\" class=\"wp-image-84003\" srcset=\"https:\/\/blogdoedvaldomagalhaes.com.br\/wp-content\/uploads\/2022\/06\/IMG-20220605-WA0088-1024x576.jpg 1024w, https:\/\/blogdoedvaldomagalhaes.com.br\/wp-content\/uploads\/2022\/06\/IMG-20220605-WA0088-300x169.jpg 300w, https:\/\/blogdoedvaldomagalhaes.com.br\/wp-content\/uploads\/2022\/06\/IMG-20220605-WA0088-768x432.jpg 768w, https:\/\/blogdoedvaldomagalhaes.com.br\/wp-content\/uploads\/2022\/06\/IMG-20220605-WA0088-1140x641.jpg 1140w, https:\/\/blogdoedvaldomagalhaes.com.br\/wp-content\/uploads\/2022\/06\/IMG-20220605-WA0088-720x405.jpg 720w, https:\/\/blogdoedvaldomagalhaes.com.br\/wp-content\/uploads\/2022\/06\/IMG-20220605-WA0088.jpg 1280w\" sizes=\"auto, (max-width: 1024px) 100vw, 1024px\" \/><\/figure>\n","protected":false},"excerpt":{"rendered":"<p>Ap\u00f3s dois anos foi dado o pontap\u00e9 inicial do Maior e Melhor S\u00e3o Jo\u00e3o do Mundo, o S\u00e3o Jo\u00e3o do&hellip;<\/p>\n","protected":false},"author":1,"featured_media":83979,"comment_status":"open","ping_status":"open","sticky":false,"template":"","format":"standard","meta":{"footnotes":""},"categories":[14120],"tags":[2,19532,3406,24812],"class_list":["post-83978","post","type-post","status-publish","format-standard","has-post-thumbnail","hentry","category-noticias","tag-blog-do-edvaldo-magalhaes","tag-blog-mais-acessado-e-visualizado-de-caruaru-e-regiao","tag-caruaru","tag-veja-como-foi-a-abertura-do-sao-joao-2022-de-caruaru"],"_links":{"self":[{"href":"https:\/\/blogdoedvaldomagalhaes.com.br\/index.php\/wp-json\/wp\/v2\/posts\/83978","targetHints":{"allow":["GET"]}}],"collection":[{"href":"https:\/\/blogdoedvaldomagalhaes.com.br\/index.php\/wp-json\/wp\/v2\/posts"}],"about":[{"href":"https:\/\/blogdoedvaldomagalhaes.com.br\/index.php\/wp-json\/wp\/v2\/types\/post"}],"author":[{"embeddable":true,"href":"https:\/\/blogdoedvaldomagalhaes.com.br\/index.php\/wp-json\/wp\/v2\/users\/1"}],"replies":[{"embeddable":true,"href":"https:\/\/blogdoedvaldomagalhaes.com.br\/index.php\/wp-json\/wp\/v2\/comments?post=83978"}],"version-history":[{"count":9,"href":"https:\/\/blogdoedvaldomagalhaes.com.br\/index.php\/wp-json\/wp\/v2\/posts\/83978\/revisions"}],"predecessor-version":[{"id":84004,"href":"https:\/\/blogdoedvaldomagalhaes.com.br\/index.php\/wp-json\/wp\/v2\/posts\/83978\/revisions\/84004"}],"wp:featuredmedia":[{"embeddable":true,"href":"https:\/\/blogdoedvaldomagalhaes.com.br\/index.php\/wp-json\/wp\/v2\/media\/83979"}],"wp:attachment":[{"href":"https:\/\/blogdoedvaldomagalhaes.com.br\/index.php\/wp-json\/wp\/v2\/media?parent=83978"}],"wp:term":[{"taxonomy":"category","embeddable":true,"href":"https:\/\/blogdoedvaldomagalhaes.com.br\/index.php\/wp-json\/wp\/v2\/categories?post=83978"},{"taxonomy":"post_tag","embeddable":true,"href":"https:\/\/blogdoedvaldomagalhaes.com.br\/index.php\/wp-json\/wp\/v2\/tags?post=83978"}],"curies":[{"name":"wp","href":"https:\/\/api.w.org\/{rel}","templated":true}]}}