{"id":8396,"date":"2016-09-06T16:00:00","date_gmt":"2016-09-06T19:00:00","guid":{"rendered":"http:\/\/blogdoedvaldomagalhaes.com.br\/index.php\/2016\/09\/06\/greve-de-bancarios-tem-adesao-de-70-e\/"},"modified":"2019-02-09T00:58:00","modified_gmt":"2019-02-09T02:58:00","slug":"greve-de-bancarios-tem-adesao-de-70-e","status":"publish","type":"post","link":"https:\/\/blogdoedvaldomagalhaes.com.br\/index.php\/2016\/09\/06\/greve-de-bancarios-tem-adesao-de-70-e\/","title":{"rendered":"Greve de banc\u00e1rios tem ades\u00e3o de 70% em Caruaru"},"content":{"rendered":"<div style=\"background-attachment: initial; background-clip: initial; background-image: initial; background-origin: initial; background-position: initial; background-repeat: initial; background-size: initial; margin-bottom: 0.0001pt; text-align: justify;\">\n<div class=\"separator\" style=\"clear: both; text-align: center;\">\n<a href=\"https:\/\/3.bp.blogspot.com\/-fG5pWMgHdJ0\/V87sm-CKuzI\/AAAAAAAAF2g\/TC0RhMpBLIoMXkQuCoWq_eKWKYGlg9DaACLcB\/s1600\/greve.jpg\" imageanchor=\"1\" style=\"margin-left: 1em; margin-right: 1em;\"><img loading=\"lazy\" decoding=\"async\" border=\"0\" height=\"282\" src=\"http:\/\/blogdoedvaldomagalhaes.com.br\/wp-content\/uploads\/2016\/09\/greve-1.jpg\" width=\"400\" \/><\/a><\/div>\n<p>\nBanc\u00e1rios<br \/>\n de todo o Brasil entraram em greve nesta ter\u00e7a-feira (06), por tempo<br \/>\nindeterminado. A paralisa\u00e7\u00e3o atinge bancos p\u00fablicos e privados.<\/div>\n<div style=\"background-attachment: initial; background-clip: initial; background-image: initial; background-origin: initial; background-position: initial; background-repeat: initial; background-size: initial; margin-bottom: 0.0001pt; text-align: justify;\">\n<\/div>\n<div style=\"margin-bottom: 0.0001pt;\">\n<div style=\"text-align: justify;\">\nA principal reivindica\u00e7\u00e3o \u00e9 um<br \/>\nreajuste de 14,78%. A Federa\u00e7\u00e3o Nacional dos Bancos (Fenaban) ofereceu<br \/>\n6,5% e abono de 3 mil reais, mas a categoria n\u00e3o aceitou.<\/div>\n<\/div>\n<div style=\"margin-bottom: 0.0001pt;\">\n<div style=\"text-align: justify;\">\n<\/div>\n<\/div>\n<div style=\"margin-bottom: 0.0001pt;\">\n<div style=\"text-align: justify;\">\nEm Caruaru, a ades\u00e3o no primeiro<br \/>\ndia chegou a 70%, de acordo com o Rubens Soares, diretor de comunica\u00e7\u00e3o<br \/>\ndo Sindicato dos Banc\u00e1rios.<\/div>\n<\/div>\n<div style=\"margin-bottom: 0.0001pt;\">\n<div style=\"text-align: justify;\">\n<\/div>\n<\/div>\n<div style=\"margin-bottom: 0.0001pt;\">\n<div style=\"text-align: justify;\">\n<a href=\"http:\/\/liberdade.com.br\/player_noticias.php?id=116\">Ou\u00e7a reportagem<\/a><\/div>\n<\/div>\n<div style=\"margin-bottom: 0.0001pt;\">\n<div style=\"text-align: justify;\">\n<\/div>\n<\/div>\n<div style=\"margin-bottom: 0.0001pt;\">\n<div style=\"text-align: justify;\">\nEm Pernambuco, existem 500 ag\u00eancias e 12 mil banc\u00e1rios. Em Caruaru, s\u00e3o 20 institui\u00e7\u00f5es e cerca de 300 trabalhadores.<\/div>\n<\/div>\n","protected":false},"excerpt":{"rendered":"<p>Banc\u00e1rios de todo o Brasil entraram em greve nesta ter\u00e7a-feira (06), por tempo indeterminado. A paralisa\u00e7\u00e3o atinge bancos p\u00fablicos e&hellip;<\/p>\n","protected":false},"author":1,"featured_media":0,"comment_status":"open","ping_status":"open","sticky":false,"template":"","format":"standard","meta":{"footnotes":""},"categories":[1],"tags":[2,11846,12423,6,1950,10062],"class_list":["post-8396","post","type-post","status-publish","format-standard","hentry","category-sem-categoria","tag-blog-do-edvaldo-magalhaes","tag-fenaban","tag-greve-de-bancarios-tem-adesao-de-70-em-caruaru","tag-noticias","tag-noticias-de-caruaru","tag-rubem-soares"],"_links":{"self":[{"href":"https:\/\/blogdoedvaldomagalhaes.com.br\/index.php\/wp-json\/wp\/v2\/posts\/8396","targetHints":{"allow":["GET"]}}],"collection":[{"href":"https:\/\/blogdoedvaldomagalhaes.com.br\/index.php\/wp-json\/wp\/v2\/posts"}],"about":[{"href":"https:\/\/blogdoedvaldomagalhaes.com.br\/index.php\/wp-json\/wp\/v2\/types\/post"}],"author":[{"embeddable":true,"href":"https:\/\/blogdoedvaldomagalhaes.com.br\/index.php\/wp-json\/wp\/v2\/users\/1"}],"replies":[{"embeddable":true,"href":"https:\/\/blogdoedvaldomagalhaes.com.br\/index.php\/wp-json\/wp\/v2\/comments?post=8396"}],"version-history":[{"count":1,"href":"https:\/\/blogdoedvaldomagalhaes.com.br\/index.php\/wp-json\/wp\/v2\/posts\/8396\/revisions"}],"predecessor-version":[{"id":12129,"href":"https:\/\/blogdoedvaldomagalhaes.com.br\/index.php\/wp-json\/wp\/v2\/posts\/8396\/revisions\/12129"}],"wp:attachment":[{"href":"https:\/\/blogdoedvaldomagalhaes.com.br\/index.php\/wp-json\/wp\/v2\/media?parent=8396"}],"wp:term":[{"taxonomy":"category","embeddable":true,"href":"https:\/\/blogdoedvaldomagalhaes.com.br\/index.php\/wp-json\/wp\/v2\/categories?post=8396"},{"taxonomy":"post_tag","embeddable":true,"href":"https:\/\/blogdoedvaldomagalhaes.com.br\/index.php\/wp-json\/wp\/v2\/tags?post=8396"}],"curies":[{"name":"wp","href":"https:\/\/api.w.org\/{rel}","templated":true}]}}