{"id":8392,"date":"2016-09-07T02:12:00","date_gmt":"2016-09-07T05:12:00","guid":{"rendered":"http:\/\/blogdoedvaldomagalhaes.com.br\/index.php\/2016\/09\/07\/pesquisa-para-prefeito-de-caruaru\/"},"modified":"2019-02-09T00:58:02","modified_gmt":"2019-02-09T02:58:02","slug":"pesquisa-para-prefeito-de-caruaru","status":"publish","type":"post","link":"https:\/\/blogdoedvaldomagalhaes.com.br\/index.php\/2016\/09\/07\/pesquisa-para-prefeito-de-caruaru\/","title":{"rendered":"Pesquisa para prefeito de Caruaru"},"content":{"rendered":"<div class=\"separator\" style=\"clear: both; text-align: center;\">\n<a href=\"https:\/\/2.bp.blogspot.com\/-4qTwx_ZBAQc\/V893Io8Ng_I\/AAAAAAAAF6M\/Y-m1FhEoD8k29yL14e125LkCGqbdZiDKwCLcB\/s1600\/pesquisa.jpg\" imageanchor=\"1\" style=\"margin-left: 1em; margin-right: 1em;\"><img loading=\"lazy\" decoding=\"async\" border=\"0\" height=\"255\" src=\"http:\/\/blogdoedvaldomagalhaes.com.br\/wp-content\/uploads\/2016\/09\/pesquisa.jpg\" width=\"400\" \/><\/a><\/div>\n<h4 align=\"center\" style=\"background-color: white; box-sizing: border-box; color: #4f4f4f; font-family: Arial, sans-serif; font-size: 18px; font-weight: 500; line-height: 1.1; margin-bottom: 10px; margin-top: 10px;\">\nVisualizar Pesquisa Eleitoral &#8211; PE-06170\/2016<\/h4>\n<h5 align=\"center\" style=\"background-color: white; box-sizing: border-box; color: #4f4f4f; font-family: Arial, sans-serif; font-size: 14px; font-weight: 500; line-height: 1.1; margin-bottom: 10px; margin-top: 10px;\">\nCARUARU &#8211; PE<\/h5>\n<table cellpadding=\"10\" id=\"j_idt33:camposPesquisa\" style=\"background-color: white; border-collapse: collapse; border-spacing: 0px; box-sizing: border-box; color: #4f4f4f; font-family: Arial, sans-serif; font-size: 12px; line-height: 17.1429px; width: 100%px;\">\n<tbody style=\"box-sizing: border-box;\">\n<tr style=\"box-sizing: border-box;\">\n<td style=\"box-sizing: border-box; padding: 0px;\">N\u00famero de identifica\u00e7\u00e3o:<\/td>\n<td style=\"box-sizing: border-box; padding: 0px;\">PE-06170\/2016<\/td>\n<td style=\"box-sizing: border-box; padding: 0px;\">Data de registro:<\/td>\n<td style=\"box-sizing: border-box; padding: 0px;\">06\/09\/2016<\/td>\n<\/tr>\n<tr style=\"box-sizing: border-box;\">\n<td style=\"box-sizing: border-box; padding: 0px;\">Cargo(s):<\/td>\n<td style=\"box-sizing: border-box; padding: 0px;\">Prefeito<\/td>\n<td style=\"box-sizing: border-box; padding: 0px;\">Data de divulga\u00e7\u00e3o:<\/td>\n<td style=\"box-sizing: border-box; padding: 0px;\">12\/09\/2016<\/td>\n<\/tr>\n<tr style=\"box-sizing: border-box;\">\n<td style=\"box-sizing: border-box; padding: 0px;\">Empresa contratada\/ Nome Fantasia:<\/td>\n<td style=\"box-sizing: border-box; padding: 0px;\">CNPJ: 00654576000172 &#8211; INSTITUTO VERITA LTDA &#8211; EPP \/ VERITA<\/td>\n<td style=\"box-sizing: border-box; padding: 0px;\">Elei\u00e7\u00e3o:<\/td>\n<td style=\"box-sizing: border-box; padding: 0px;\">Elei\u00e7\u00f5es Municipais 2016<\/td>\n<\/tr>\n<tr style=\"box-sizing: border-box;\">\n<td style=\"box-sizing: border-box; padding: 0px;\">Entrevistados:<\/td>\n<td style=\"box-sizing: border-box; padding: 0px;\">605<\/td>\n<td style=\"box-sizing: border-box; padding: 0px;\">Data de in\u00edcio da pesquisa:<\/td>\n<td style=\"box-sizing: border-box; padding: 0px;\">08\/09\/2016<\/td>\n<\/tr>\n<tr style=\"box-sizing: border-box;\">\n<td style=\"box-sizing: border-box; padding: 0px;\">Data de t\u00e9rmino da pesquisa:<\/td>\n<td style=\"box-sizing: border-box; padding: 0px;\">12\/09\/2016<\/td>\n<td style=\"box-sizing: border-box; padding: 0px;\">Estat\u00edstico respons\u00e1vel:<\/td>\n<td style=\"box-sizing: border-box; padding: 0px;\">Leonard Mendon\u00e7a de Assis<\/td>\n<\/tr>\n<tr style=\"box-sizing: border-box;\">\n<td style=\"box-sizing: border-box; padding: 0px;\">Registro do estat\u00edstico no CONRE:<\/td>\n<td style=\"box-sizing: border-box; padding: 0px;\">7439<\/td>\n<td style=\"box-sizing: border-box; padding: 0px;\">Valor:<\/td>\n<td style=\"box-sizing: border-box; padding: 0px;\">R$ 15.000,00<\/td>\n<\/tr>\n<tr style=\"box-sizing: border-box;\">\n<td style=\"box-sizing: border-box; padding: 0px;\">Contratante \u00e9 a pr\u00f3pria empresa?<\/p>\n<p>Fonte: site do TSE<\/td>\n<td style=\"box-sizing: border-box; padding: 0px;\">Sim (Nota fiscal n\u00e3o exigida)<\/p>\n<\/td>\n<\/tr>\n<\/tbody>\n<\/table>\n","protected":false},"excerpt":{"rendered":"<p>Visualizar Pesquisa Eleitoral &#8211; PE-06170\/2016 CARUARU &#8211; PE N\u00famero de identifica\u00e7\u00e3o: PE-06170\/2016 Data de registro: 06\/09\/2016 Cargo(s): Prefeito Data de&hellip;<\/p>\n","protected":false},"author":1,"featured_media":0,"comment_status":"open","ping_status":"open","sticky":false,"template":"","format":"standard","meta":{"footnotes":""},"categories":[1],"tags":[2,12413,12414,3121,12415,20],"class_list":["post-8392","post","type-post","status-publish","format-standard","hentry","category-sem-categoria","tag-blog-do-edvaldo-magalhaes","tag-instituto-verita","tag-leonard-mendonca-de-assis","tag-noticias-da-politica","tag-pesquisa-para-prefeito-de-caruaru","tag-politica"],"_links":{"self":[{"href":"https:\/\/blogdoedvaldomagalhaes.com.br\/index.php\/wp-json\/wp\/v2\/posts\/8392","targetHints":{"allow":["GET"]}}],"collection":[{"href":"https:\/\/blogdoedvaldomagalhaes.com.br\/index.php\/wp-json\/wp\/v2\/posts"}],"about":[{"href":"https:\/\/blogdoedvaldomagalhaes.com.br\/index.php\/wp-json\/wp\/v2\/types\/post"}],"author":[{"embeddable":true,"href":"https:\/\/blogdoedvaldomagalhaes.com.br\/index.php\/wp-json\/wp\/v2\/users\/1"}],"replies":[{"embeddable":true,"href":"https:\/\/blogdoedvaldomagalhaes.com.br\/index.php\/wp-json\/wp\/v2\/comments?post=8392"}],"version-history":[{"count":1,"href":"https:\/\/blogdoedvaldomagalhaes.com.br\/index.php\/wp-json\/wp\/v2\/posts\/8392\/revisions"}],"predecessor-version":[{"id":12143,"href":"https:\/\/blogdoedvaldomagalhaes.com.br\/index.php\/wp-json\/wp\/v2\/posts\/8392\/revisions\/12143"}],"wp:attachment":[{"href":"https:\/\/blogdoedvaldomagalhaes.com.br\/index.php\/wp-json\/wp\/v2\/media?parent=8392"}],"wp:term":[{"taxonomy":"category","embeddable":true,"href":"https:\/\/blogdoedvaldomagalhaes.com.br\/index.php\/wp-json\/wp\/v2\/categories?post=8392"},{"taxonomy":"post_tag","embeddable":true,"href":"https:\/\/blogdoedvaldomagalhaes.com.br\/index.php\/wp-json\/wp\/v2\/tags?post=8392"}],"curies":[{"name":"wp","href":"https:\/\/api.w.org\/{rel}","templated":true}]}}