{"id":8391,"date":"2016-09-07T02:57:00","date_gmt":"2016-09-07T05:57:00","guid":{"rendered":"http:\/\/blogdoedvaldomagalhaes.com.br\/index.php\/2016\/09\/07\/brasil-derrota-colombia\/"},"modified":"2019-02-09T00:58:02","modified_gmt":"2019-02-09T02:58:02","slug":"brasil-derrota-colombia","status":"publish","type":"post","link":"https:\/\/blogdoedvaldomagalhaes.com.br\/index.php\/2016\/09\/07\/brasil-derrota-colombia\/","title":{"rendered":"Brasil derrota a Col\u00f4mbia e volta a zona de classifica\u00e7\u00e3o ao Mundial 2018"},"content":{"rendered":"<div style=\"text-align: justify;\">\n<div class=\"separator\" style=\"clear: both; text-align: center;\">\n<a href=\"https:\/\/4.bp.blogspot.com\/-ty_cC49nQG4\/V8-DAl4T64I\/AAAAAAAAF6c\/tmXorvuxVzQk74rq87IaddgB-SJ9ZSBQwCLcB\/s1600\/brasil.jpg\" imageanchor=\"1\" style=\"margin-left: 1em; margin-right: 1em;\"><img loading=\"lazy\" decoding=\"async\" border=\"0\" height=\"250\" src=\"http:\/\/blogdoedvaldomagalhaes.com.br\/wp-content\/uploads\/2016\/09\/brasil.jpg\" width=\"400\" \/><\/a><\/div>\n<p>\nA sele\u00e7\u00e3o brasileira venceu a Col\u00f4mbia por 2 a 1 na segunda partida do t\u00e9cnico Tite no comando da equipe. O jogo foi realizado na Arena da Amaz\u00f4nia, em Manaus, na noite desta ter\u00e7a-feira (6), pela oitava rodada da eliminat\u00f3ria da Copa do Mundo de 2018, na R\u00fassia.<\/div>\n<div style=\"text-align: justify;\">\n<\/div>\n<div style=\"background-color: white; border: none; box-sizing: border-box; line-height: 23.1px; margin-bottom: 20px; outline: none; padding: 0px; text-align: justify;\">\nTite cumpriu a primeira meta dele na sele\u00e7\u00e3o brasileira, que era fazer a equipe voltar para a zona de classifica\u00e7\u00e3o ao Mundial de 2018 &#8211; ao assumir, a equipe era a sexta.<\/div>\n<div style=\"background-color: white; border: none; box-sizing: border-box; line-height: 23.1px; margin-bottom: 20px; outline: none; padding: 0px; text-align: justify;\">\nA equipe canarinho est\u00e1 na segunda coloca\u00e7\u00e3o na eliminat\u00f3ria, com 15 pontos &#8211; assim como a Argentina, que \u00e9 terceira pelo saldo de gols inferior (7 a 3). A Col\u00f4mbia \u00e9 quinta, com 13, ainda na zona de classifica\u00e7\u00e3o ao Mundial.<\/div>\n<div style=\"background-color: white; border: none; box-sizing: border-box; line-height: 23.1px; margin-bottom: 20px; outline: none; padding: 0px; text-align: justify;\">\nO futebol da sele\u00e7\u00e3o brasileira empolgou apenas no primeiro tempo. N segundo tempo, os colombianos foram melhores e chegaram a ter chances de vencer.<\/div>\n<div style=\"background-color: white; border: none; box-sizing: border-box; line-height: 23.1px; margin-bottom: 20px; outline: none; padding: 0px; text-align: justify;\">\nAs entradas de Philippe Coutinho no lugar de Willian e Giuliano na vaga de Paulinho, fez a sele\u00e7\u00e3o voltar a dominar as a\u00e7\u00f5es, tocar bem a bola e chegar ao ataque com perigo, como fez no primeiro tempo.<\/div>\n<div style=\"background-color: white; border: none; box-sizing: border-box; line-height: 23.1px; margin-bottom: 20px; outline: none; padding: 0px; text-align: justify;\">\nA sele\u00e7\u00e3o brasileira vai enfrentar a Bol\u00edvia em 7 de Outubro na Arena das Dunas, em Natal, e depois encara a Venezuela, no dia 11 de Outubro, mas ainda em est\u00e1dio n\u00e3o definido pela federa\u00e7\u00e3o local.<\/div>\n<div style=\"background-color: white; border: none; box-sizing: border-box; line-height: 23.1px; margin-bottom: 20px; outline: none; padding: 0px; text-align: justify;\">\nA Col\u00f4mbia jogar\u00e1 nos mesmos dias contra a Col\u00f4mbia, fora de casa, e Uruguai, em casa. As cidades-sedes ainda n\u00e3o foram definidas pelas equipes.<\/div>\n<div style=\"background-color: white; border: none; box-sizing: border-box; line-height: 23.1px; margin-bottom: 20px; outline: none; padding: 0px;\">\n<\/div>\n<div style=\"text-align: justify;\">\n<b style=\"border: none; box-sizing: border-box; line-height: 1em; margin: 0px; outline: none; padding: 0px;\">FICHA T\u00c9CNICA:<\/b><\/div>\n<p><b style=\"border: none; box-sizing: border-box; line-height: 1em; margin: 0px; outline: none; padding: 0px;\"><\/b><\/p>\n<div style=\"text-align: justify;\">\n<b style=\"border: none; box-sizing: border-box; line-height: 1em; margin: 0px; outline: none; padding: 0px;\"><b style=\"border: none; box-sizing: border-box; line-height: 1em; margin: 0px; outline: none; padding: 0px;\">BRASIL 2 X 1 COL\u00d4MBIA<\/b><\/b><br \/>\n<b style=\"border: none; box-sizing: border-box; font-family: Arial, Helvetica, sans-serif; line-height: 1em; margin: 0px; outline: none; padding: 0px;\">Local:&nbsp;<\/b>Arena da Amaz\u00f4nia, em Manaus (AM)<\/div>\n<p><b style=\"border: none; box-sizing: border-box; font-family: arial, helvetica, sans-serif; line-height: 1em; margin: 0px; outline: none; padding: 0px; text-align: justify;\">P\u00fablico:&nbsp;<\/b>36.601 presentes.&nbsp;<b style=\"border: none; box-sizing: border-box; font-family: arial, helvetica, sans-serif; line-height: 1em; margin: 0px; outline: none; padding: 0px; text-align: justify;\">Renda:&nbsp;<\/b>R$ 5.840.500,50<\/p>\n<div style=\"text-align: justify;\">\n<b style=\"border: none; box-sizing: border-box; font-weight: bold; line-height: 1em; margin: 0px; outline: none; padding: 0px;\">\u00c1rbitro:<\/b>&nbsp;Patricio Loustau (Argentina).&nbsp;<\/p>\n<div style=\"display: inline !important;\">\n<b style=\"border: none; box-sizing: border-box; font-weight: bold; line-height: 1em; margin: 0px; outline: none; padding: 0px;\">Assistentes:<\/b>&nbsp;Ivan Nu\u00f1ez e Gustavo Rossi (ambos da Argentina)<\/div>\n<\/div>\n<p><\/p>\n<div style=\"text-align: justify;\">\n<b style=\"border: none; box-sizing: border-box; font-weight: bold; line-height: 1em; margin: 0px; outline: none; padding: 0px;\">Cart\u00e3o amarelo:<\/b>&nbsp;Paulinho, Marcelo e Neymar; Medina<\/div>\n<p><\/p>\n<div style=\"text-align: justify;\">\n<b style=\"border: none; box-sizing: border-box; font-weight: bold; line-height: 1em; margin: 0px; outline: none; padding: 0px;\">Gols:&nbsp;<\/b>Miranda, ao 1 minuto, e Marquinhos (contra), aos 35 minutos do 1\u00ba tempo; Neyamr, aos 8 minutos do 2\u00ba tempo<\/p>\n<\/div>\n<p><\/p>\n<div style=\"background-color: white; border: none; box-sizing: border-box; line-height: 23.1px; margin-bottom: 20px; outline: none; padding: 0px; text-align: justify;\">\n<b style=\"border: none; box-sizing: border-box; line-height: 1em; margin: 0px; outline: none; padding: 0px;\">BRASIL:&nbsp;<\/b>Alisson; Daniel Alves, Marquinhos, Miranda e Marcelo; Casemiro, Paulinho (Giuliano) e Renato Augusto; Willian (Philippe Coutinho) e Neymar; Gabriel Jesus (Taison).&nbsp;<b style=\"border: none; box-sizing: border-box; line-height: 1em; margin: 0px; outline: none; padding: 0px;\">T\u00e9cnico:&nbsp;<\/b>Tite<\/div>\n<div style=\"background-color: white; border: none; box-sizing: border-box; line-height: 23.1px; margin-bottom: 20px; outline: none; padding: 0px; text-align: justify;\">\n<b style=\"border: none; box-sizing: border-box; line-height: 1em; margin: 0px; outline: none; padding: 0px;\">COL\u00d4MBIA:<\/b>&nbsp;David Ospina; Medina, Oscar Murillo, Jeison Murillo e Farid D\u00edaz; Carlos S\u00e1nchez, Bariros, Macnelly Torres (Cuadrado) e James Rodr\u00edguez; Luis Muriel e Carlos Bacca (Roger Mart\u00ednez).&nbsp;<b style=\"border: none; box-sizing: border-box; line-height: 1em; margin: 0px; outline: none; padding: 0px;\">T\u00e9cnico:<\/b>&nbsp;Jos\u00e9 P\u00e9kerman<\/div>\n","protected":false},"excerpt":{"rendered":"<p>A sele\u00e7\u00e3o brasileira venceu a Col\u00f4mbia por 2 a 1 na segunda partida do t\u00e9cnico Tite no comando da equipe.&hellip;<\/p>\n","protected":false},"author":1,"featured_media":0,"comment_status":"open","ping_status":"open","sticky":false,"template":"","format":"standard","meta":{"footnotes":""},"categories":[1],"tags":[2,3],"class_list":["post-8391","post","type-post","status-publish","format-standard","hentry","category-sem-categoria","tag-blog-do-edvaldo-magalhaes","tag-futebol"],"_links":{"self":[{"href":"https:\/\/blogdoedvaldomagalhaes.com.br\/index.php\/wp-json\/wp\/v2\/posts\/8391","targetHints":{"allow":["GET"]}}],"collection":[{"href":"https:\/\/blogdoedvaldomagalhaes.com.br\/index.php\/wp-json\/wp\/v2\/posts"}],"about":[{"href":"https:\/\/blogdoedvaldomagalhaes.com.br\/index.php\/wp-json\/wp\/v2\/types\/post"}],"author":[{"embeddable":true,"href":"https:\/\/blogdoedvaldomagalhaes.com.br\/index.php\/wp-json\/wp\/v2\/users\/1"}],"replies":[{"embeddable":true,"href":"https:\/\/blogdoedvaldomagalhaes.com.br\/index.php\/wp-json\/wp\/v2\/comments?post=8391"}],"version-history":[{"count":1,"href":"https:\/\/blogdoedvaldomagalhaes.com.br\/index.php\/wp-json\/wp\/v2\/posts\/8391\/revisions"}],"predecessor-version":[{"id":12145,"href":"https:\/\/blogdoedvaldomagalhaes.com.br\/index.php\/wp-json\/wp\/v2\/posts\/8391\/revisions\/12145"}],"wp:attachment":[{"href":"https:\/\/blogdoedvaldomagalhaes.com.br\/index.php\/wp-json\/wp\/v2\/media?parent=8391"}],"wp:term":[{"taxonomy":"category","embeddable":true,"href":"https:\/\/blogdoedvaldomagalhaes.com.br\/index.php\/wp-json\/wp\/v2\/categories?post=8391"},{"taxonomy":"post_tag","embeddable":true,"href":"https:\/\/blogdoedvaldomagalhaes.com.br\/index.php\/wp-json\/wp\/v2\/tags?post=8391"}],"curies":[{"name":"wp","href":"https:\/\/api.w.org\/{rel}","templated":true}]}}