{"id":838,"date":"2018-10-31T21:46:00","date_gmt":"2018-10-31T23:46:00","guid":{"rendered":"http:\/\/blogdoedvaldomagalhaes.com.br\/index.php\/2018\/10\/31\/artesao-severino-vitalino-sofre-infarto\/"},"modified":"2019-02-09T02:37:42","modified_gmt":"2019-02-09T04:37:42","slug":"artesao-severino-vitalino-sofre-infarto","status":"publish","type":"post","link":"https:\/\/blogdoedvaldomagalhaes.com.br\/index.php\/2018\/10\/31\/artesao-severino-vitalino-sofre-infarto\/","title":{"rendered":"Artes\u00e3o Severino Vitalino sofre infarto e est\u00e1 internado no Hospital Mestre Vitalino"},"content":{"rendered":"<div class=\"separator\" style=\"clear: both; text-align: center;\">\n<a href=\"https:\/\/4.bp.blogspot.com\/-twbeGAlYXoc\/W9ohgxCp_KI\/AAAAAAAA8uI\/ferTMN9cMGg03lP485pA2k6i0KhOn6-vACLcBGAs\/s1600\/IMG-20181031-WA0271.jpg\" imageanchor=\"1\" style=\"margin-left: 1em; margin-right: 1em;\"><img loading=\"lazy\" decoding=\"async\" border=\"0\" data-original-height=\"453\" data-original-width=\"300\" height=\"640\" src=\"http:\/\/blogdoedvaldomagalhaes.com.br\/wp-content\/uploads\/2018\/10\/IMG-20181031-WA0271.jpg\" width=\"422\" \/><\/a><\/div>\n<p><\/p>\n<div style=\"text-align: justify;\">\nO Blog do Edvaldo Magalh\u00e3es soube atrav\u00e9s de familiares do saudoso Mestre Vitalino, que um dos filhos dele est\u00e1 hospitalizado. Severino Vitalino, de 78 anos de idade, sofreu um infarto no \u00faltimo domingo (31), e est\u00e1 internado no Hospital Mestre Vitalino. Ele est\u00e1 est\u00e1vel e o exame indica cirurgia de revasculariza\u00e7\u00e3o, que dever\u00e1 ser\u00e1 realizada na pr\u00f3xima semana.<\/p>\n<p><b>Boletim M\u00e9dico do HMV<\/b><\/p>\n<p>O paciente est\u00e1 est\u00e1vel e consciente, chegou na unidade com dor epig\u00e1strica que \u00e9 um dos sintomas do infarto. Passou por exames laboratoriais, ecocardiograma e eletrocardiograma. Os m\u00e9dicos confirmaram a suspeita de infarto ontem (30), quando realizaram o procedimento de cateterismo. H\u00e1 uma indica\u00e7\u00e3o de cirurgia card\u00edaca na pr\u00f3xima semana.<\/p>\n<\/div>\n","protected":false},"excerpt":{"rendered":"<p>O Blog do Edvaldo Magalh\u00e3es soube atrav\u00e9s de familiares do saudoso Mestre Vitalino, que um dos filhos dele est\u00e1 hospitalizado.&hellip;<\/p>\n","protected":false},"author":1,"featured_media":0,"comment_status":"open","ping_status":"open","sticky":false,"template":"","format":"standard","meta":{"footnotes":""},"categories":[1],"tags":[782,2,6],"class_list":["post-838","post","type-post","status-publish","format-standard","hentry","category-sem-categoria","tag-artesao-severino-vitalino-sofre-infarto-e-esta-internado-no-hospital-mestre-vitalino","tag-blog-do-edvaldo-magalhaes","tag-noticias"],"_links":{"self":[{"href":"https:\/\/blogdoedvaldomagalhaes.com.br\/index.php\/wp-json\/wp\/v2\/posts\/838","targetHints":{"allow":["GET"]}}],"collection":[{"href":"https:\/\/blogdoedvaldomagalhaes.com.br\/index.php\/wp-json\/wp\/v2\/posts"}],"about":[{"href":"https:\/\/blogdoedvaldomagalhaes.com.br\/index.php\/wp-json\/wp\/v2\/types\/post"}],"author":[{"embeddable":true,"href":"https:\/\/blogdoedvaldomagalhaes.com.br\/index.php\/wp-json\/wp\/v2\/users\/1"}],"replies":[{"embeddable":true,"href":"https:\/\/blogdoedvaldomagalhaes.com.br\/index.php\/wp-json\/wp\/v2\/comments?post=838"}],"version-history":[{"count":1,"href":"https:\/\/blogdoedvaldomagalhaes.com.br\/index.php\/wp-json\/wp\/v2\/posts\/838\/revisions"}],"predecessor-version":[{"id":35430,"href":"https:\/\/blogdoedvaldomagalhaes.com.br\/index.php\/wp-json\/wp\/v2\/posts\/838\/revisions\/35430"}],"wp:attachment":[{"href":"https:\/\/blogdoedvaldomagalhaes.com.br\/index.php\/wp-json\/wp\/v2\/media?parent=838"}],"wp:term":[{"taxonomy":"category","embeddable":true,"href":"https:\/\/blogdoedvaldomagalhaes.com.br\/index.php\/wp-json\/wp\/v2\/categories?post=838"},{"taxonomy":"post_tag","embeddable":true,"href":"https:\/\/blogdoedvaldomagalhaes.com.br\/index.php\/wp-json\/wp\/v2\/tags?post=838"}],"curies":[{"name":"wp","href":"https:\/\/api.w.org\/{rel}","templated":true}]}}