{"id":8372,"date":"2016-09-08T14:47:00","date_gmt":"2016-09-08T17:47:00","guid":{"rendered":"http:\/\/blogdoedvaldomagalhaes.com.br\/index.php\/2016\/09\/08\/secretario-estadual-faz-visita-caruaru\/"},"modified":"2019-02-09T00:58:19","modified_gmt":"2019-02-09T02:58:19","slug":"secretario-estadual-faz-visita-caruaru","status":"publish","type":"post","link":"https:\/\/blogdoedvaldomagalhaes.com.br\/index.php\/2016\/09\/08\/secretario-estadual-faz-visita-caruaru\/","title":{"rendered":"Secret\u00e1rio estadual faz visitas em Caruaru"},"content":{"rendered":"<div class=\"separator\" style=\"clear: both; text-align: center;\">\n<a href=\"https:\/\/4.bp.blogspot.com\/-VAOrlWQ9Mn0\/V9F5jTFQP2I\/AAAAAAAAF_w\/DiLEJ2bnIZkV3wmOS0IcSqG7tC3gekF7ACLcB\/s1600\/Secret%25C3%25A1rio%2B%25283%2529.jpg\" imageanchor=\"1\" style=\"margin-left: 1em; margin-right: 1em;\"><img loading=\"lazy\" decoding=\"async\" border=\"0\" height=\"300\" src=\"http:\/\/blogdoedvaldomagalhaes.com.br\/wp-content\/uploads\/2016\/09\/SecretC3A1rio28329.jpg\" width=\"400\" \/><\/a><\/div>\n<div class=\"separator\" style=\"clear: both; text-align: center;\">\n<\/div>\n<div class=\"separator\" style=\"clear: both; text-align: center;\">\n<a href=\"https:\/\/3.bp.blogspot.com\/-S3qROSoRIQE\/V9F5jcxkkdI\/AAAAAAAAF_s\/UBwr4Pj75lssyilh0LQkny0NCl0jBiNWQCEw\/s1600\/Secret%25C3%25A1rio%2B%25281%2529.jpg\" imageanchor=\"1\" style=\"margin-left: 1em; margin-right: 1em;\"><img loading=\"lazy\" decoding=\"async\" border=\"0\" height=\"300\" src=\"http:\/\/blogdoedvaldomagalhaes.com.br\/wp-content\/uploads\/2016\/09\/SecretC3A1rio28129.jpg\" width=\"400\" \/><\/a><\/div>\n<div class=\"separator\" style=\"clear: both; text-align: center;\">\n<\/div>\n<div class=\"separator\" style=\"clear: both; text-align: center;\">\n<a href=\"https:\/\/2.bp.blogspot.com\/-HZWwwEPdoAc\/V9F5je8TSyI\/AAAAAAAAF_0\/nOy4LX94YsMeiNo7z8TyDZYL-8mKXqJ_wCEw\/s1600\/Secret%25C3%25A1rio%2B%25282%2529.jpg\" imageanchor=\"1\" style=\"margin-left: 1em; margin-right: 1em;\"><img loading=\"lazy\" decoding=\"async\" border=\"0\" height=\"400\" src=\"http:\/\/blogdoedvaldomagalhaes.com.br\/wp-content\/uploads\/2016\/09\/SecretC3A1rio28229.jpg\" width=\"300\" \/><\/a><\/div>\n<div class=\"separator\" style=\"clear: both; text-align: center;\">\n<\/div>\n<div class=\"separator\" style=\"clear: both; text-align: left;\">\nO Secret\u00e1rio de Habita\u00e7\u00e3o do estado, Marcos Batista, est\u00e1 em Caruaru, nesta quinta-feira (8). Ele visitou o Alto do Moura pela manh\u00e3, e nesta tarde visita tamb\u00e9m uma ocupa\u00e7\u00e3o no terreno do DNIT na cidade.<\/div>\n<div style=\"text-align: justify;\">\n<\/div>\n","protected":false},"excerpt":{"rendered":"<p>O Secret\u00e1rio de Habita\u00e7\u00e3o do estado, Marcos Batista, est\u00e1 em Caruaru, nesta quinta-feira (8). Ele visitou o Alto do Moura&hellip;<\/p>\n","protected":false},"author":1,"featured_media":0,"comment_status":"open","ping_status":"open","sticky":false,"template":"","format":"standard","meta":{"footnotes":""},"categories":[1],"tags":[3293,2,12382,12383,6,1950,12384],"class_list":["post-8372","post","type-post","status-publish","format-standard","hentry","category-sem-categoria","tag-alto-do-moura","tag-blog-do-edvaldo-magalhaes","tag-dnit","tag-marcos-batista","tag-noticias","tag-noticias-de-caruaru","tag-secretario-de-habitacao"],"_links":{"self":[{"href":"https:\/\/blogdoedvaldomagalhaes.com.br\/index.php\/wp-json\/wp\/v2\/posts\/8372","targetHints":{"allow":["GET"]}}],"collection":[{"href":"https:\/\/blogdoedvaldomagalhaes.com.br\/index.php\/wp-json\/wp\/v2\/posts"}],"about":[{"href":"https:\/\/blogdoedvaldomagalhaes.com.br\/index.php\/wp-json\/wp\/v2\/types\/post"}],"author":[{"embeddable":true,"href":"https:\/\/blogdoedvaldomagalhaes.com.br\/index.php\/wp-json\/wp\/v2\/users\/1"}],"replies":[{"embeddable":true,"href":"https:\/\/blogdoedvaldomagalhaes.com.br\/index.php\/wp-json\/wp\/v2\/comments?post=8372"}],"version-history":[{"count":1,"href":"https:\/\/blogdoedvaldomagalhaes.com.br\/index.php\/wp-json\/wp\/v2\/posts\/8372\/revisions"}],"predecessor-version":[{"id":12207,"href":"https:\/\/blogdoedvaldomagalhaes.com.br\/index.php\/wp-json\/wp\/v2\/posts\/8372\/revisions\/12207"}],"wp:attachment":[{"href":"https:\/\/blogdoedvaldomagalhaes.com.br\/index.php\/wp-json\/wp\/v2\/media?parent=8372"}],"wp:term":[{"taxonomy":"category","embeddable":true,"href":"https:\/\/blogdoedvaldomagalhaes.com.br\/index.php\/wp-json\/wp\/v2\/categories?post=8372"},{"taxonomy":"post_tag","embeddable":true,"href":"https:\/\/blogdoedvaldomagalhaes.com.br\/index.php\/wp-json\/wp\/v2\/tags?post=8372"}],"curies":[{"name":"wp","href":"https:\/\/api.w.org\/{rel}","templated":true}]}}