{"id":837,"date":"2018-10-31T22:57:00","date_gmt":"2018-11-01T00:57:00","guid":{"rendered":"http:\/\/blogdoedvaldomagalhaes.com.br\/index.php\/2018\/10\/31\/onibus-com-universitario-se-envolve-e\/"},"modified":"2019-02-09T02:37:44","modified_gmt":"2019-02-09T04:37:44","slug":"onibus-com-universitario-se-envolve-e","status":"publish","type":"post","link":"https:\/\/blogdoedvaldomagalhaes.com.br\/index.php\/2018\/10\/31\/onibus-com-universitario-se-envolve-e\/","title":{"rendered":"\u00d4nibus com universit\u00e1rios se envolve em acidente na BR-104"},"content":{"rendered":"<div class=\"separator\" style=\"clear: both; text-align: center;\">\n<a href=\"https:\/\/2.bp.blogspot.com\/-P6HH4ZjTQjo\/W9oy4HKY15I\/AAAAAAAA8uc\/3bmUNaw_Y3Q_EzIow5GYNCz96vN9cUAdwCLcBGAs\/s1600\/oniuvus.jpg\" imageanchor=\"1\" style=\"margin-left: 1em; margin-right: 1em;\"><img loading=\"lazy\" decoding=\"async\" border=\"0\" data-original-height=\"640\" data-original-width=\"480\" height=\"640\" src=\"http:\/\/blogdoedvaldomagalhaes.com.br\/wp-content\/uploads\/2018\/10\/oniuvus.jpg\" width=\"480\" \/><\/a><\/div>\n<div class=\"separator\" style=\"clear: both; text-align: center;\">\nFoto: Reprodu\u00e7\u00e3o\/WhatsApp<\/div>\n<div style=\"text-align: justify;\">\n<\/div>\n<div style=\"text-align: justify;\">\nUm \u00f4nibus com estudantes de Toritama, se envolveu em um acidente na noite desta quarta-feira (31), na BR-104, nas proximidades de um Parque de Vaquejada, em Caruaru. O motorista informou que um caminh\u00e3o carregado de areia fez uma redu\u00e7\u00e3o brusca de velocidade e ele ainda tentou tirar, mas acabou colidindo na traseira do caminh\u00e3o. Uma&nbsp;universit\u00e1ria ficou presa \u00e0s ferragens machucando uma das pernas, e foi levado pelo Samu para o Hospital Regional do Agreste (HRA). O \u00f4nibus estava com cerca de 40 estudante, que estavam indo para uma faculdade, em Caruaru.<\/p>\n<div class=\"separator\" style=\"clear: both; text-align: center;\">\n<a href=\"https:\/\/4.bp.blogspot.com\/-Glo4DQFO6PM\/W9o6J6rF_3I\/AAAAAAAA8uo\/oJObfWwyqnEepRgFq0qaBiQtoAKDrokCQCLcBGAs\/s1600\/IMG-20181031-WA0311.jpg\" imageanchor=\"1\" style=\"margin-left: 1em; margin-right: 1em;\"><img loading=\"lazy\" decoding=\"async\" border=\"0\" data-original-height=\"1280\" data-original-width=\"720\" height=\"640\" src=\"http:\/\/blogdoedvaldomagalhaes.com.br\/wp-content\/uploads\/2018\/10\/IMG-20181031-WA0311.jpg\" width=\"360\" \/><\/a><\/div>\n<p><\/p>\n<div class=\"separator\" style=\"clear: both; text-align: center;\">\n<a href=\"https:\/\/3.bp.blogspot.com\/-vOx7MPgqJYo\/W9o6NdeMigI\/AAAAAAAA8us\/jm3LfYnkSEAyVAaO5GaoC510GuC3tkvYgCLcBGAs\/s1600\/IMG-20181031-WA0312.jpg\" imageanchor=\"1\" style=\"margin-left: 1em; margin-right: 1em;\"><img loading=\"lazy\" decoding=\"async\" border=\"0\" data-original-height=\"1280\" data-original-width=\"960\" height=\"640\" src=\"http:\/\/blogdoedvaldomagalhaes.com.br\/wp-content\/uploads\/2018\/10\/IMG-20181031-WA0312.jpg\" width=\"480\" \/><\/a><\/div>\n<p>Veja o v\u00eddeo abaixo:&nbsp;<\/p>\n<div class=\"separator\" style=\"clear: both; text-align: center;\">\n<\/div>\n<p>\nInforma\u00e7\u00f5es de Kalebe Pereira.<\/p>\n<\/div>\n","protected":false},"excerpt":{"rendered":"<p>Foto: Reprodu\u00e7\u00e3o\/WhatsApp Um \u00f4nibus com estudantes de Toritama, se envolveu em um acidente na noite desta quarta-feira (31), na BR-104,&hellip;<\/p>\n","protected":false},"author":1,"featured_media":0,"comment_status":"open","ping_status":"open","sticky":false,"template":"","format":"standard","meta":{"footnotes":""},"categories":[1],"tags":[2,6,781],"class_list":["post-837","post","type-post","status-publish","format-standard","hentry","category-sem-categoria","tag-blog-do-edvaldo-magalhaes","tag-noticias","tag-onibus-com-universitarios-se-envolve-em-acidente-na-br-104"],"_links":{"self":[{"href":"https:\/\/blogdoedvaldomagalhaes.com.br\/index.php\/wp-json\/wp\/v2\/posts\/837","targetHints":{"allow":["GET"]}}],"collection":[{"href":"https:\/\/blogdoedvaldomagalhaes.com.br\/index.php\/wp-json\/wp\/v2\/posts"}],"about":[{"href":"https:\/\/blogdoedvaldomagalhaes.com.br\/index.php\/wp-json\/wp\/v2\/types\/post"}],"author":[{"embeddable":true,"href":"https:\/\/blogdoedvaldomagalhaes.com.br\/index.php\/wp-json\/wp\/v2\/users\/1"}],"replies":[{"embeddable":true,"href":"https:\/\/blogdoedvaldomagalhaes.com.br\/index.php\/wp-json\/wp\/v2\/comments?post=837"}],"version-history":[{"count":1,"href":"https:\/\/blogdoedvaldomagalhaes.com.br\/index.php\/wp-json\/wp\/v2\/posts\/837\/revisions"}],"predecessor-version":[{"id":35434,"href":"https:\/\/blogdoedvaldomagalhaes.com.br\/index.php\/wp-json\/wp\/v2\/posts\/837\/revisions\/35434"}],"wp:attachment":[{"href":"https:\/\/blogdoedvaldomagalhaes.com.br\/index.php\/wp-json\/wp\/v2\/media?parent=837"}],"wp:term":[{"taxonomy":"category","embeddable":true,"href":"https:\/\/blogdoedvaldomagalhaes.com.br\/index.php\/wp-json\/wp\/v2\/categories?post=837"},{"taxonomy":"post_tag","embeddable":true,"href":"https:\/\/blogdoedvaldomagalhaes.com.br\/index.php\/wp-json\/wp\/v2\/tags?post=837"}],"curies":[{"name":"wp","href":"https:\/\/api.w.org\/{rel}","templated":true}]}}