{"id":8366,"date":"2016-09-09T03:03:00","date_gmt":"2016-09-09T06:03:00","guid":{"rendered":"http:\/\/blogdoedvaldomagalhaes.com.br\/index.php\/2016\/09\/09\/agenda-dos-candidatos-prefeito-de_9-2\/"},"modified":"2019-02-09T00:58:25","modified_gmt":"2019-02-09T02:58:25","slug":"agenda-dos-candidatos-prefeito-de_9-2","status":"publish","type":"post","link":"https:\/\/blogdoedvaldomagalhaes.com.br\/index.php\/2016\/09\/09\/agenda-dos-candidatos-prefeito-de_9-2\/","title":{"rendered":"Agenda dos candidatos a prefeito de Caruaru neste sexta (9)"},"content":{"rendered":"<div dir=\"ltr\" style=\"background-color: white;\">\n<div class=\"separator\" style=\"clear: both; color: #222222; text-align: center;\">\n<a href=\"https:\/\/2.bp.blogspot.com\/-Km7RUW0JzR8\/V9IpZZhfvwI\/AAAAAAAAGB0\/K8UUwjid_QAMAKrR6gLFwZrzN0veJltbwCLcB\/s1600\/agenda.jpg\" imageanchor=\"1\" style=\"margin-left: 1em; margin-right: 1em;\"><img loading=\"lazy\" decoding=\"async\" border=\"0\" height=\"151\" src=\"http:\/\/blogdoedvaldomagalhaes.com.br\/wp-content\/uploads\/2016\/09\/agenda-8.jpg\" width=\"400\" \/><\/a><\/div>\n<div class=\"separator\" style=\"clear: both; color: #222222; text-align: center;\">\n<\/div>\n<div class=\"separator\" style=\"clear: both; color: #222222; text-align: left;\">\n<strong style=\"border: 0px; color: #4b4b4b; font-family: &quot;Open Sans&quot;, sans-serif; font-size: 16px; line-height: 25.6px; margin: 0px; outline: 0px; padding: 0px; vertical-align: baseline;\">Eduardo Guerra (PSOL)<\/strong><\/div>\n<div class=\"separator\" style=\"clear: both; text-align: left;\">\n<b>08h &#8211;<\/b> &nbsp;Faz caminhada no centro de Caruaru<\/div>\n<p><b>14h &nbsp;&#8211;<\/b> Visita a periferia da cidade<br \/>\n<b style=\"color: #4b4b4b;\">19h &nbsp; &#8211; <\/b>Reuni\u00e3o com assessores<\/p>\n<div style=\"text-align: justify;\">\n<div style=\"color: #222222;\">\n<b>Jefferson Abr\u00e3ao (PCB)<\/b><\/div>\n<p><b>8h &nbsp;&#8211; <\/b>Tem consulta m\u00e9dica<br \/>\n<b style=\"color: #4b4b4b;\">14h &#8211;<\/b> Atende na sede do partido<\/p>\n<div style=\"color: #222222;\">\n<div style=\"background-attachment: initial; background-clip: initial; background-image: initial; background-origin: initial; background-position: initial; background-repeat: initial; background-size: initial; margin: 0cm 0cm 0.0001pt;\">\n<b><br \/>\nJorge Gomes (PSB)<\/b><\/div>\n<div style=\"background-attachment: initial; background-clip: initial; background-image: initial; background-origin: initial; background-position: initial; background-repeat: initial; background-size: initial; margin: 0cm 0cm 0.0001pt;\">\n<b style=\"font-family: Arial, Helvetica, sans-serif;\">8h<\/b>&nbsp; &nbsp; &nbsp; &#8211;<br \/>\ngrava\u00e7\u00e3o para o guia eleitoral<\/div>\n<div style=\"background-attachment: initial; background-clip: initial; background-image: initial; background-origin: initial; background-position: initial; background-repeat: initial; background-size: initial; margin: 0cm 0cm 0.0001pt;\">\n<b>17h &nbsp; &nbsp;<\/b>&nbsp;&#8211; encontro com<br \/>\nlideran\u00e7as<\/div>\n<div style=\"background-attachment: initial; background-clip: initial; background-image: initial; background-origin: initial; background-position: initial; background-repeat: initial; background-size: initial; margin: 0cm 0cm 0.0001pt;\">\n<b style=\"font-weight: bold;\">18h30&nbsp;&#8211;&nbsp;<\/b>inaugura\u00e7\u00e3o do comit\u00ea do<br \/>\ncandidato C\u00edcero das Rendeiras<\/div>\n<p><\/p>\n<div style=\"background-attachment: initial; background-clip: initial; background-image: initial; background-origin: initial; background-position: initial; background-repeat: initial; background-size: initial; margin: 0cm 0cm 0.0001pt;\">\n<b style=\"font-weight: bold;\">19h &nbsp; &nbsp; &nbsp;&#8211;<\/b>Caminhada nos bairros da Boa Vista I e II,<br \/>\ncom sa\u00edda na Rua Vertentes<\/div>\n<\/div>\n<\/div>\n<\/div>\n<div dir=\"ltr\" style=\"background-color: white; color: #222222;\">\n<p><\/p>\n<div style=\"text-align: justify;\">\n<b><br \/><\/b><\/div>\n<\/div>\n<div dir=\"ltr\" style=\"background-color: white; color: #222222;\">\n<div style=\"text-align: justify;\">\n<b>Raquel Lyra (PSDB)<\/b><\/div>\n<div style=\"text-align: justify;\">\n<b>7h &nbsp; &#8211;<\/b>&nbsp; Entrevista a emissora de r\u00e1dio<\/div>\n<div style=\"text-align: justify;\">\n<b>8h &nbsp; &#8211; &nbsp;<\/b>Porta a porta no bairro Vassoural<\/div>\n<div style=\"text-align: justify;\">\n<b>14h <\/b>&#8211; Porta a porta no Vassoural e Vila Teimosa<\/div>\n<div style=\"text-align: justify;\">\n<b>17h &#8211;<\/b> Visita aos comerciantes da BR-104 &#8211; Odilon Alves<\/div>\n<div style=\"text-align: justify;\">\n<b>19h &#8211; <\/b>Caminhada no Maria Auxiliadora e Boa Vista<\/div>\n<\/div>\n<div>\n<div style=\"text-align: justify;\">\n<\/div>\n<div style=\"text-align: justify;\">\n<b>Tony Gel (PMDB)<\/b><\/div>\n<div style=\"text-align: justify;\">\n<b>7h &nbsp; &nbsp; &nbsp; &#8211; <\/b>Visita a feira do bairro S\u00e3o Francisco<\/div>\n<div style=\"text-align: justify;\">\n<b>9h30 &nbsp; &#8211; <\/b>Encontro com alunos de Col\u00e9gio da rede particular<\/div>\n<div style=\"text-align: justify;\">\n<b>17h30 &#8211;<\/b> Entrevista a uma r\u00e1dio comunit\u00e1ria<\/div>\n<div style=\"text-align: justify;\">\n<b>19h30 &#8211; <\/b>Reuni\u00e3o com moradores do bairro Jos\u00e9 Carlos de Oliveira<\/div>\n<div style=\"text-align: justify;\">\n<b>20h30 &#8211; <\/b>Encontro com os moradores da Vila Teimosa<\/p>\n<p><b>Erick Lessa (PR)<\/b><br \/>\n<b>7h &nbsp; &#8211; <\/b>Visita a uma f\u00e1brica no distrito industrial<br \/>\n<b>10h &#8211;<\/b> Visita ao Col\u00e9gio Criativo<br \/>\n<b>15h &#8211;<\/b> Visita a uma f\u00e1brica de confec\u00e7\u00f5es, no bairro Santa Clara<br \/>\n<b>17h &#8211; <\/b>Visita ao Semin\u00e1rio da Diocese de Caruaru<br \/>\n<b>19h &#8211;<\/b> Caminhada no bairro do Salgado<\/p>\n<\/div>\n<div style=\"text-align: justify;\">\n<b>Rivaldo Soares (PHS) <\/b>n\u00e3o enviou agenda.<\/div>\n<\/div>\n","protected":false},"excerpt":{"rendered":"<p>Eduardo Guerra (PSOL) 08h &#8211; &nbsp;Faz caminhada no centro de Caruaru 14h &nbsp;&#8211; Visita a periferia da cidade 19h &nbsp;&hellip;<\/p>\n","protected":false},"author":1,"featured_media":0,"comment_status":"open","ping_status":"open","sticky":false,"template":"","format":"standard","meta":{"footnotes":""},"categories":[1],"tags":[12372,2,9402,5151,3121,20,1229,11979,995],"class_list":["post-8366","post","type-post","status-publish","format-standard","hentry","category-sem-categoria","tag-agenda-dos-candidatos-a-prefeito-de-caruaru-neste-sexta-9","tag-blog-do-edvaldo-magalhaes","tag-erick-lessa","tag-jorge-gomes","tag-noticias-da-politica","tag-politica","tag-raquel-lyra","tag-rivaldo-soares","tag-tony-gel"],"_links":{"self":[{"href":"https:\/\/blogdoedvaldomagalhaes.com.br\/index.php\/wp-json\/wp\/v2\/posts\/8366","targetHints":{"allow":["GET"]}}],"collection":[{"href":"https:\/\/blogdoedvaldomagalhaes.com.br\/index.php\/wp-json\/wp\/v2\/posts"}],"about":[{"href":"https:\/\/blogdoedvaldomagalhaes.com.br\/index.php\/wp-json\/wp\/v2\/types\/post"}],"author":[{"embeddable":true,"href":"https:\/\/blogdoedvaldomagalhaes.com.br\/index.php\/wp-json\/wp\/v2\/users\/1"}],"replies":[{"embeddable":true,"href":"https:\/\/blogdoedvaldomagalhaes.com.br\/index.php\/wp-json\/wp\/v2\/comments?post=8366"}],"version-history":[{"count":1,"href":"https:\/\/blogdoedvaldomagalhaes.com.br\/index.php\/wp-json\/wp\/v2\/posts\/8366\/revisions"}],"predecessor-version":[{"id":12220,"href":"https:\/\/blogdoedvaldomagalhaes.com.br\/index.php\/wp-json\/wp\/v2\/posts\/8366\/revisions\/12220"}],"wp:attachment":[{"href":"https:\/\/blogdoedvaldomagalhaes.com.br\/index.php\/wp-json\/wp\/v2\/media?parent=8366"}],"wp:term":[{"taxonomy":"category","embeddable":true,"href":"https:\/\/blogdoedvaldomagalhaes.com.br\/index.php\/wp-json\/wp\/v2\/categories?post=8366"},{"taxonomy":"post_tag","embeddable":true,"href":"https:\/\/blogdoedvaldomagalhaes.com.br\/index.php\/wp-json\/wp\/v2\/tags?post=8366"}],"curies":[{"name":"wp","href":"https:\/\/api.w.org\/{rel}","templated":true}]}}