{"id":8363,"date":"2016-09-09T15:30:00","date_gmt":"2016-09-09T18:30:00","guid":{"rendered":"http:\/\/blogdoedvaldomagalhaes.com.br\/index.php\/2016\/09\/09\/detentos-serram-grade-de-cadeia-e\/"},"modified":"2019-02-09T00:58:26","modified_gmt":"2019-02-09T02:58:26","slug":"detentos-serram-grade-de-cadeia-e","status":"publish","type":"post","link":"https:\/\/blogdoedvaldomagalhaes.com.br\/index.php\/2016\/09\/09\/detentos-serram-grade-de-cadeia-e\/","title":{"rendered":"Detentos serram grade de cadeia e Agentes descobrem plano de fuga"},"content":{"rendered":"<div class=\"separator\" style=\"clear: both; text-align: center;\">\n<a href=\"https:\/\/2.bp.blogspot.com\/-W3omiWmayVI\/V9LVbZBiSrI\/AAAAAAAAGCk\/zebH6OOChQYIpNOLUck6nqYnr7CvrcdhACLcB\/s1600\/grade.jpg\" imageanchor=\"1\" style=\"margin-left: 1em; margin-right: 1em;\"><img loading=\"lazy\" decoding=\"async\" border=\"0\" height=\"300\" src=\"http:\/\/blogdoedvaldomagalhaes.com.br\/wp-content\/uploads\/2016\/09\/grade.jpg\" width=\"400\" \/><\/a><\/div>\n<div style=\"list-style: none; text-align: justify;\">\n<\/div>\n<div style=\"list-style: none; text-align: justify;\">\nTr\u00eas detentos planejavam fugir da Cadeia P\u00fablica de Lajedo, Agreste pernambucano. Durante uma revista, agentes penitenci\u00e1rios encontraram duas serras e um peda\u00e7o de faca. Uma das grades j\u00e1 estava serrada.<\/div>\n<div style=\"list-style: none; text-align: justify;\">\n&nbsp;<\/div>\n<div style=\"list-style: none; text-align: justify;\">\nOs agentes tamb\u00e9m encontraram um celular, um carregador e um peda\u00e7o de pano. Eles fizeram a revista quando perceberam a agita\u00e7\u00e3o dos detentos.<\/div>\n<div style=\"list-style: none; text-align: justify;\">\n&nbsp;<\/div>\n<div style=\"list-style: none; text-align: justify;\">\nDe acordo com informa\u00e7\u00f5es da Pol\u00edcia Militar, um procedimento de investiga\u00e7\u00e3o foi instaurado.&nbsp;<\/div>\n","protected":false},"excerpt":{"rendered":"<p>Tr\u00eas detentos planejavam fugir da Cadeia P\u00fablica de Lajedo, Agreste pernambucano. Durante uma revista, agentes penitenci\u00e1rios encontraram duas serras e&hellip;<\/p>\n","protected":false},"author":1,"featured_media":0,"comment_status":"open","ping_status":"open","sticky":false,"template":"","format":"standard","meta":{"footnotes":""},"categories":[1],"tags":[2,12365,12366,1479,13],"class_list":["post-8363","post","type-post","status-publish","format-standard","hentry","category-sem-categoria","tag-blog-do-edvaldo-magalhaes","tag-cadeia-publica-de-lajedo","tag-detentos-serram-grade-de-cadeia-e-agentes-descobrem-plano-de-fuga","tag-noticias-policiais","tag-policial"],"_links":{"self":[{"href":"https:\/\/blogdoedvaldomagalhaes.com.br\/index.php\/wp-json\/wp\/v2\/posts\/8363","targetHints":{"allow":["GET"]}}],"collection":[{"href":"https:\/\/blogdoedvaldomagalhaes.com.br\/index.php\/wp-json\/wp\/v2\/posts"}],"about":[{"href":"https:\/\/blogdoedvaldomagalhaes.com.br\/index.php\/wp-json\/wp\/v2\/types\/post"}],"author":[{"embeddable":true,"href":"https:\/\/blogdoedvaldomagalhaes.com.br\/index.php\/wp-json\/wp\/v2\/users\/1"}],"replies":[{"embeddable":true,"href":"https:\/\/blogdoedvaldomagalhaes.com.br\/index.php\/wp-json\/wp\/v2\/comments?post=8363"}],"version-history":[{"count":1,"href":"https:\/\/blogdoedvaldomagalhaes.com.br\/index.php\/wp-json\/wp\/v2\/posts\/8363\/revisions"}],"predecessor-version":[{"id":12226,"href":"https:\/\/blogdoedvaldomagalhaes.com.br\/index.php\/wp-json\/wp\/v2\/posts\/8363\/revisions\/12226"}],"wp:attachment":[{"href":"https:\/\/blogdoedvaldomagalhaes.com.br\/index.php\/wp-json\/wp\/v2\/media?parent=8363"}],"wp:term":[{"taxonomy":"category","embeddable":true,"href":"https:\/\/blogdoedvaldomagalhaes.com.br\/index.php\/wp-json\/wp\/v2\/categories?post=8363"},{"taxonomy":"post_tag","embeddable":true,"href":"https:\/\/blogdoedvaldomagalhaes.com.br\/index.php\/wp-json\/wp\/v2\/tags?post=8363"}],"curies":[{"name":"wp","href":"https:\/\/api.w.org\/{rel}","templated":true}]}}