{"id":8362,"date":"2016-09-09T15:39:00","date_gmt":"2016-09-09T18:39:00","guid":{"rendered":"http:\/\/blogdoedvaldomagalhaes.com.br\/index.php\/2016\/09\/09\/sebastiao-biano-vai-receber-titulo-de\/"},"modified":"2019-02-09T00:58:26","modified_gmt":"2019-02-09T02:58:26","slug":"sebastiao-biano-vai-receber-titulo-de","status":"publish","type":"post","link":"https:\/\/blogdoedvaldomagalhaes.com.br\/index.php\/2016\/09\/09\/sebastiao-biano-vai-receber-titulo-de\/","title":{"rendered":"Sebasti\u00e3o Biano da Banda de P\u00edfanos recebe T\u00edtulo de Cidad\u00e3o de Caruaru"},"content":{"rendered":"<div class=\"separator\" style=\"clear: both; text-align: center;\">\n<a href=\"https:\/\/4.bp.blogspot.com\/-zk5SPILO4qs\/V9LXT7KGr2I\/AAAAAAAAGCs\/qV3aD42M0KwQY03HHBaCGk8dm7FrA70VQCLcB\/s1600\/sebasti%25C3%25A3o.jpg\" imageanchor=\"1\" style=\"margin-left: 1em; margin-right: 1em;\"><img loading=\"lazy\" decoding=\"async\" border=\"0\" height=\"266\" src=\"http:\/\/blogdoedvaldomagalhaes.com.br\/wp-content\/uploads\/2016\/09\/sebastiC3A3o.jpg\" width=\"400\" \/><\/a><\/div>\n<div class=\"separator\" style=\"clear: both; text-align: center;\">\n<\/div>\n<div style=\"background-color: white; line-height: 19.32px; margin-bottom: 6px; margin-top: 6px; text-align: justify;\">\nNa pr\u00f3xima quinta-feira (15), a C\u00e2mara Municipal de Caruaru realizar\u00e1 sess\u00e3o solene, \u00e0s 20h, para fazer a entrega do T\u00edtulo de Cidad\u00e3o de Caruaru ao m\u00fasico Sebasti\u00e3o Clarindo Biano, de 97 anos, da Banda de P\u00edfanos de Caruaru. A honraria foi aprovada na reuni\u00e3o p\u00fablica ordin\u00e1ria do dia 29 de outubro do ano passado. Em novembro, quem recebeu o t\u00edtulo, in memoriam, foi o irm\u00e3o Benedito Clarindo Biano, tamb\u00e9m da Banda de P\u00edfanos.<\/div>\n<div style=\"background-color: white; line-height: 19.32px; margin-bottom: 6px; margin-top: 6px; text-align: justify;\">\nCriada&nbsp;em 1924 em Alagoas pelo agricultor Manoel Clarindo Biano, pai de Sebasti\u00e3o e de Benedito, a Banda de P\u00edfanos de Caruaru \u00e9 considerada a mais famosa do g\u00eanero no Brasil.<\/div>\n<div class=\"text_exposed_show\" style=\"background-color: white; display: inline; line-height: 19.32px;\">\n<div style=\"margin-bottom: 6px;\">\n<\/div>\n<div style=\"text-align: justify;\">\nFonte: Guanabara Comunica\u00e7\u00e3o\/AscomC\u00e2mara<\/div>\n<p><\/p>\n<div style=\"text-align: justify;\">\nFoto: Alexandre Nunis<\/div>\n<\/div>\n","protected":false},"excerpt":{"rendered":"<p>Na pr\u00f3xima quinta-feira (15), a C\u00e2mara Municipal de Caruaru realizar\u00e1 sess\u00e3o solene, \u00e0s 20h, para fazer a entrega do T\u00edtulo&hellip;<\/p>\n","protected":false},"author":1,"featured_media":0,"comment_status":"open","ping_status":"open","sticky":false,"template":"","format":"standard","meta":{"footnotes":""},"categories":[1],"tags":[12363,2,8686,6,1950,12364],"class_list":["post-8362","post","type-post","status-publish","format-standard","hentry","category-sem-categoria","tag-banda-de-pifanos","tag-blog-do-edvaldo-magalhaes","tag-camara-municipal-de-caruaru","tag-noticias","tag-noticias-de-caruaru","tag-sebastiao-biano-vai-receber-titulo-de-cidadao-de-caruaru"],"_links":{"self":[{"href":"https:\/\/blogdoedvaldomagalhaes.com.br\/index.php\/wp-json\/wp\/v2\/posts\/8362","targetHints":{"allow":["GET"]}}],"collection":[{"href":"https:\/\/blogdoedvaldomagalhaes.com.br\/index.php\/wp-json\/wp\/v2\/posts"}],"about":[{"href":"https:\/\/blogdoedvaldomagalhaes.com.br\/index.php\/wp-json\/wp\/v2\/types\/post"}],"author":[{"embeddable":true,"href":"https:\/\/blogdoedvaldomagalhaes.com.br\/index.php\/wp-json\/wp\/v2\/users\/1"}],"replies":[{"embeddable":true,"href":"https:\/\/blogdoedvaldomagalhaes.com.br\/index.php\/wp-json\/wp\/v2\/comments?post=8362"}],"version-history":[{"count":1,"href":"https:\/\/blogdoedvaldomagalhaes.com.br\/index.php\/wp-json\/wp\/v2\/posts\/8362\/revisions"}],"predecessor-version":[{"id":12228,"href":"https:\/\/blogdoedvaldomagalhaes.com.br\/index.php\/wp-json\/wp\/v2\/posts\/8362\/revisions\/12228"}],"wp:attachment":[{"href":"https:\/\/blogdoedvaldomagalhaes.com.br\/index.php\/wp-json\/wp\/v2\/media?parent=8362"}],"wp:term":[{"taxonomy":"category","embeddable":true,"href":"https:\/\/blogdoedvaldomagalhaes.com.br\/index.php\/wp-json\/wp\/v2\/categories?post=8362"},{"taxonomy":"post_tag","embeddable":true,"href":"https:\/\/blogdoedvaldomagalhaes.com.br\/index.php\/wp-json\/wp\/v2\/tags?post=8362"}],"curies":[{"name":"wp","href":"https:\/\/api.w.org\/{rel}","templated":true}]}}