{"id":83614,"date":"2022-05-27T19:25:16","date_gmt":"2022-05-27T22:25:16","guid":{"rendered":"https:\/\/blogdoedvaldomagalhaes.com.br\/?p=83614"},"modified":"2022-05-27T19:25:18","modified_gmt":"2022-05-27T22:25:18","slug":"inspetores-sanitarios-passam-por-treinamento-para-o-sao-joao-de-caruaru","status":"publish","type":"post","link":"https:\/\/blogdoedvaldomagalhaes.com.br\/index.php\/2022\/05\/27\/inspetores-sanitarios-passam-por-treinamento-para-o-sao-joao-de-caruaru\/","title":{"rendered":"Inspetores sanit\u00e1rios passam por treinamento para o S\u00e3o Jo\u00e3o de Caruaru"},"content":{"rendered":"<p style=\"text-align: justify;\"><span style=\"font-size: inherit;\">Os inspetores sanit\u00e1rios, que atuam na Vigil\u00e2ncia Sanit\u00e1ria da Secretaria de Sa\u00fade de Caruaru, participaram de um treinamento para as a\u00e7\u00f5es de inspe\u00e7\u00e3o e fiscaliza\u00e7\u00e3o que acontecer\u00e3o durante o S\u00e3o Jo\u00e3o, deste ano.<\/span><\/p>\n<p style=\"text-align: justify;\">A palestra foi ministrada pela nutricionista da Vigil\u00e2ncia Sanit\u00e1ria, Aline Oliveira, e contou com a participa\u00e7\u00e3o dos inspetores e t\u00e9cnicos da Vigil\u00e2ncia em Sa\u00fade. O encontro aconteceu no audit\u00f3rio da Secretaria de Sa\u00fade, na \u00faltima quarta-feira (25), e teve como tema: Regulamento T\u00e9cnico de Boas Pr\u00e1ticas para o Servi\u00e7o de Alimenta\u00e7\u00e3o &#8211; RDC 216.<\/p>\n<p style=\"text-align: justify;\">A finalidade da iniciativa, conforme destacou a gerente de Vigil\u00e2ncia Sanit\u00e1ria de Caruaru, Cec\u00edlia Borba, \u00e9 a otimiza\u00e7\u00e3o das fiscaliza\u00e7\u00f5es sanit\u00e1rias, por meio de um olhar t\u00e9cnico, para refor\u00e7ar a prote\u00e7\u00e3o \u00e0 sa\u00fade das pessoas que passarem pelos polos, durante o S\u00e3o Jo\u00e3o. \u201c\u00c9 de extrema import\u00e2ncia que os estabelecimentos que produzem alimentos estejam de acordo com os procedimentos padr\u00f5es, para evitar doen\u00e7as que podem gerar problemas graves de sa\u00fade\u201d.<\/p>\n<p style=\"text-align: justify;\">RDC 216\/2004 \u2013\u00a0A base principal da capacita\u00e7\u00e3o promovida pela Secretaria de Sa\u00fade de Caruaru \u00e9 a Resolu\u00e7\u00e3o de Diretoria Colegiada (RDC) n\u00ba 216\/2004, da Anvisa, que disp\u00f5e sobre o Regulamento T\u00e9cnico de Boas Pr\u00e1ticas para Servi\u00e7os de Alimenta\u00e7\u00e3o.<\/p>\n\n\n<figure class=\"wp-block-image size-large\"><img loading=\"lazy\" decoding=\"async\" width=\"1024\" height=\"768\" src=\"https:\/\/blogdoedvaldomagalhaes.com.br\/wp-content\/uploads\/2022\/05\/IMG-20220527-WA0144-1024x768.jpg\" alt=\"\" class=\"wp-image-83615\" srcset=\"https:\/\/blogdoedvaldomagalhaes.com.br\/wp-content\/uploads\/2022\/05\/IMG-20220527-WA0144-1024x768.jpg 1024w, https:\/\/blogdoedvaldomagalhaes.com.br\/wp-content\/uploads\/2022\/05\/IMG-20220527-WA0144-300x225.jpg 300w, https:\/\/blogdoedvaldomagalhaes.com.br\/wp-content\/uploads\/2022\/05\/IMG-20220527-WA0144-768x576.jpg 768w, https:\/\/blogdoedvaldomagalhaes.com.br\/wp-content\/uploads\/2022\/05\/IMG-20220527-WA0144-1536x1152.jpg 1536w, https:\/\/blogdoedvaldomagalhaes.com.br\/wp-content\/uploads\/2022\/05\/IMG-20220527-WA0144-160x120.jpg 160w, https:\/\/blogdoedvaldomagalhaes.com.br\/wp-content\/uploads\/2022\/05\/IMG-20220527-WA0144.jpg 1600w\" sizes=\"auto, (max-width: 1024px) 100vw, 1024px\" \/><figcaption>Fotos: Divulga\u00e7\u00e3o\/SECOM <\/figcaption><\/figure>\n","protected":false},"excerpt":{"rendered":"<p>Os inspetores sanit\u00e1rios, que atuam na Vigil\u00e2ncia Sanit\u00e1ria da Secretaria de Sa\u00fade de Caruaru, participaram de um treinamento para as&hellip;<\/p>\n","protected":false},"author":1,"featured_media":83615,"comment_status":"open","ping_status":"open","sticky":false,"template":"","format":"standard","meta":{"footnotes":""},"categories":[14120],"tags":[2,19532,3406,24736],"class_list":["post-83614","post","type-post","status-publish","format-standard","has-post-thumbnail","hentry","category-noticias","tag-blog-do-edvaldo-magalhaes","tag-blog-mais-acessado-e-visualizado-de-caruaru-e-regiao","tag-caruaru","tag-inspetores-sanitarios-passam-por-treinamento-para-o-sao-joao-de-caruaru"],"_links":{"self":[{"href":"https:\/\/blogdoedvaldomagalhaes.com.br\/index.php\/wp-json\/wp\/v2\/posts\/83614","targetHints":{"allow":["GET"]}}],"collection":[{"href":"https:\/\/blogdoedvaldomagalhaes.com.br\/index.php\/wp-json\/wp\/v2\/posts"}],"about":[{"href":"https:\/\/blogdoedvaldomagalhaes.com.br\/index.php\/wp-json\/wp\/v2\/types\/post"}],"author":[{"embeddable":true,"href":"https:\/\/blogdoedvaldomagalhaes.com.br\/index.php\/wp-json\/wp\/v2\/users\/1"}],"replies":[{"embeddable":true,"href":"https:\/\/blogdoedvaldomagalhaes.com.br\/index.php\/wp-json\/wp\/v2\/comments?post=83614"}],"version-history":[{"count":1,"href":"https:\/\/blogdoedvaldomagalhaes.com.br\/index.php\/wp-json\/wp\/v2\/posts\/83614\/revisions"}],"predecessor-version":[{"id":83616,"href":"https:\/\/blogdoedvaldomagalhaes.com.br\/index.php\/wp-json\/wp\/v2\/posts\/83614\/revisions\/83616"}],"wp:featuredmedia":[{"embeddable":true,"href":"https:\/\/blogdoedvaldomagalhaes.com.br\/index.php\/wp-json\/wp\/v2\/media\/83615"}],"wp:attachment":[{"href":"https:\/\/blogdoedvaldomagalhaes.com.br\/index.php\/wp-json\/wp\/v2\/media?parent=83614"}],"wp:term":[{"taxonomy":"category","embeddable":true,"href":"https:\/\/blogdoedvaldomagalhaes.com.br\/index.php\/wp-json\/wp\/v2\/categories?post=83614"},{"taxonomy":"post_tag","embeddable":true,"href":"https:\/\/blogdoedvaldomagalhaes.com.br\/index.php\/wp-json\/wp\/v2\/tags?post=83614"}],"curies":[{"name":"wp","href":"https:\/\/api.w.org\/{rel}","templated":true}]}}