{"id":83609,"date":"2022-05-27T15:10:22","date_gmt":"2022-05-27T18:10:22","guid":{"rendered":"https:\/\/blogdoedvaldomagalhaes.com.br\/?p=83609"},"modified":"2022-05-27T15:10:24","modified_gmt":"2022-05-27T18:10:24","slug":"confira-a-programacao-do-sao-joao-na-roca-em-12-localidades-de-caruaru","status":"publish","type":"post","link":"https:\/\/blogdoedvaldomagalhaes.com.br\/index.php\/2022\/05\/27\/confira-a-programacao-do-sao-joao-na-roca-em-12-localidades-de-caruaru\/","title":{"rendered":"Confira a programa\u00e7\u00e3o do S\u00e3o Jo\u00e3o na Ro\u00e7a em 12 localidades de Caruaru"},"content":{"rendered":"<p style=\"text-align: justify;\"><span style=\"font-size: inherit;\">Atra\u00e7\u00e3o musical tocando num caminh\u00e3o-palco, fogueira, bandeirinhas, quadrilha, barraquinhas de comidas t\u00edpicas e bacamarteiros: est\u00e1 montado o S\u00e3o Jo\u00e3o na Ro\u00e7a. Com o objetivo de descentralizar a festa e lev\u00e1-la para perto da popula\u00e7\u00e3o mais afastada do centro, o S\u00e3o Jo\u00e3o na Ro\u00e7a foi criado em 2017 e, em suas tr\u00eas edi\u00e7\u00f5es, foi aprovado em todas as localidades por onde passou. Por isso, este ano ele volta ainda maior: 12 vilas v\u00e3o receber tr\u00eas shows por noite, al\u00e9m de grupos de dan\u00e7a e bacamarteiros.<\/span><\/p>\n<p style=\"text-align: justify;\">Estreando o polo, a pra\u00e7a de Ita\u00fana ser\u00e1 o palco da festa no dia 9 de junho. Dentre as atra\u00e7\u00f5es, As Janu\u00e1rias e Joquinha Gonzaga. Em seguida, Lages, Pau Santo, Rafael, Ju\u00e1, Malhada de Barreira Queimada, Malhada de Pedra, Peladas, Cachoeira Seca, Xicuru e Terra Vermelha recebem o caminh\u00e3o-palco com as atra\u00e7\u00f5es, que come\u00e7am a tocar sempre \u00e0s 20h.<\/p>\n<p style=\"text-align: justify;\">Pelas vilas, v\u00e3o passar nomes conhecidos do p\u00fablico. O cantor e compositor Petr\u00facio Amorim anima as ruas de Pau Santo no dia 11 de junho. Ju\u00e1 recebe Cascabulho no dia 17. Almir Rouche canta em Xicuru no dia 30. J\u00e1 Terra Vermelha servir\u00e1 de palco para Mestrinho na noite de 1\u00ba de julho. A \u00faltima vila a receber o S\u00e3o Jo\u00e3o na Ro\u00e7a \u00e9 Gon\u00e7alves Ferreira, em 2 de julho, dia do encerramento oficial das festividades. Passam por l\u00e1 As Severinas, Savinho do Acordeon e Banda de Pau e Corda.<\/p>\n<p style=\"text-align: justify;\">*Abaixo, segue a programa\u00e7\u00e3o completa*.<\/p>\n<p style=\"text-align: justify;\">*09\/06 \u2013 Ita\u00fana*<br \/>Trio P\u00e9 de Serra<br \/>As Janu\u00e1rias<br \/>Joquinha Gonzaga<\/p>\n<p>*10\/06 \u2013 Lages*<br \/>Trio P\u00e9 de Serra<br \/>Banda Alternativa<br \/>Forr\u00f3 na M\u00eddia<\/p>\n<p>*11\/06 \u2013 Pau Santo*<br \/>Trio P\u00e9 de Serra<br \/>Banda do Batista<br \/>Petr\u00facio Amorim<\/p>\n<p>*12\/06 \u2013 Rafael*<br \/>Trio P\u00e9 de Serra<br \/>Banda Cheiro de Sanfona<br \/>Lady Falc\u00e3o<\/p>\n<p>*17\/06- Ju\u00e1*<br \/>Trio P\u00e9 de Serra<br \/>Forr\u00f3 Quent\u00e3o<br \/>Cascabulho<\/p>\n<p>*18\/06 \u2013 Malhada de Barreira Queimada*<br \/>Trio P\u00e9 de Serra<br \/>Banda Forr\u00f3 Demais<br \/>Ricardo Fran\u00e7a<\/p>\n<p>*23\/06 \u2013 Malhada de Pedra*<br \/>Trio P\u00e9 de Serra<br \/>Pecinho Amorim<br \/>Cheiro da Terra<\/p>\n<p>*24\/06- Peladas*<br \/>Trio P\u00e9 de Serra<br \/>Berrinho Lima<br \/>Som da Terra<\/p>\n<p>*25\/06 \u2013 Cachoeira Seca*<br \/>Trio P\u00e9 de Serra<br \/>Toinho do Bai\u00e3o<br \/>Humberto Bonny<\/p>\n<p>*30\/06- Xicuru*<br \/>Trio P\u00e9 de Serra<br \/>Diego Henrique<br \/>Almir Rouche<\/p>\n<p>*01\/07- Terra Vermelha*<br \/>Trio P\u00e9 de Serra<br \/>Lula Viegas<br \/>Mestrinho<\/p>\n<p>*02\/07- Gon\u00e7alves Ferreira*<br \/>As Severinas<br \/>Savinho do Acordeon<br \/>Banda de Pau e Corda<\/p>\n\n\n<figure class=\"wp-block-image size-large\"><img loading=\"lazy\" decoding=\"async\" width=\"1024\" height=\"1024\" src=\"https:\/\/blogdoedvaldomagalhaes.com.br\/wp-content\/uploads\/2022\/05\/IMG-20220527-WA0100-1024x1024.jpg\" alt=\"\" class=\"wp-image-83611\" srcset=\"https:\/\/blogdoedvaldomagalhaes.com.br\/wp-content\/uploads\/2022\/05\/IMG-20220527-WA0100-1024x1024.jpg 1024w, https:\/\/blogdoedvaldomagalhaes.com.br\/wp-content\/uploads\/2022\/05\/IMG-20220527-WA0100-300x300.jpg 300w, https:\/\/blogdoedvaldomagalhaes.com.br\/wp-content\/uploads\/2022\/05\/IMG-20220527-WA0100-150x150.jpg 150w, https:\/\/blogdoedvaldomagalhaes.com.br\/wp-content\/uploads\/2022\/05\/IMG-20220527-WA0100-768x768.jpg 768w, https:\/\/blogdoedvaldomagalhaes.com.br\/wp-content\/uploads\/2022\/05\/IMG-20220527-WA0100.jpg 1080w\" sizes=\"auto, (max-width: 1024px) 100vw, 1024px\" \/><\/figure>\n\n\n\n<figure class=\"wp-block-image size-large\"><img loading=\"lazy\" decoding=\"async\" width=\"1024\" height=\"1024\" src=\"https:\/\/blogdoedvaldomagalhaes.com.br\/wp-content\/uploads\/2022\/05\/IMG-20220527-WA0101-1024x1024.jpg\" alt=\"\" class=\"wp-image-83612\" srcset=\"https:\/\/blogdoedvaldomagalhaes.com.br\/wp-content\/uploads\/2022\/05\/IMG-20220527-WA0101-1024x1024.jpg 1024w, https:\/\/blogdoedvaldomagalhaes.com.br\/wp-content\/uploads\/2022\/05\/IMG-20220527-WA0101-300x300.jpg 300w, https:\/\/blogdoedvaldomagalhaes.com.br\/wp-content\/uploads\/2022\/05\/IMG-20220527-WA0101-150x150.jpg 150w, https:\/\/blogdoedvaldomagalhaes.com.br\/wp-content\/uploads\/2022\/05\/IMG-20220527-WA0101-768x768.jpg 768w, https:\/\/blogdoedvaldomagalhaes.com.br\/wp-content\/uploads\/2022\/05\/IMG-20220527-WA0101.jpg 1080w\" sizes=\"auto, (max-width: 1024px) 100vw, 1024px\" \/><\/figure>\n","protected":false},"excerpt":{"rendered":"<p>Atra\u00e7\u00e3o musical tocando num caminh\u00e3o-palco, fogueira, bandeirinhas, quadrilha, barraquinhas de comidas t\u00edpicas e bacamarteiros: est\u00e1 montado o S\u00e3o Jo\u00e3o na&hellip;<\/p>\n","protected":false},"author":1,"featured_media":83610,"comment_status":"open","ping_status":"open","sticky":false,"template":"","format":"standard","meta":{"footnotes":""},"categories":[14120],"tags":[2,19532,3406,24735,6222],"class_list":["post-83609","post","type-post","status-publish","format-standard","has-post-thumbnail","hentry","category-noticias","tag-blog-do-edvaldo-magalhaes","tag-blog-mais-acessado-e-visualizado-de-caruaru-e-regiao","tag-caruaru","tag-confira-a-programacao-do-sao-joao-na-roca-em-12-localidades-de-caruaru","tag-sao-joao-de-caruaru"],"_links":{"self":[{"href":"https:\/\/blogdoedvaldomagalhaes.com.br\/index.php\/wp-json\/wp\/v2\/posts\/83609","targetHints":{"allow":["GET"]}}],"collection":[{"href":"https:\/\/blogdoedvaldomagalhaes.com.br\/index.php\/wp-json\/wp\/v2\/posts"}],"about":[{"href":"https:\/\/blogdoedvaldomagalhaes.com.br\/index.php\/wp-json\/wp\/v2\/types\/post"}],"author":[{"embeddable":true,"href":"https:\/\/blogdoedvaldomagalhaes.com.br\/index.php\/wp-json\/wp\/v2\/users\/1"}],"replies":[{"embeddable":true,"href":"https:\/\/blogdoedvaldomagalhaes.com.br\/index.php\/wp-json\/wp\/v2\/comments?post=83609"}],"version-history":[{"count":1,"href":"https:\/\/blogdoedvaldomagalhaes.com.br\/index.php\/wp-json\/wp\/v2\/posts\/83609\/revisions"}],"predecessor-version":[{"id":83613,"href":"https:\/\/blogdoedvaldomagalhaes.com.br\/index.php\/wp-json\/wp\/v2\/posts\/83609\/revisions\/83613"}],"wp:featuredmedia":[{"embeddable":true,"href":"https:\/\/blogdoedvaldomagalhaes.com.br\/index.php\/wp-json\/wp\/v2\/media\/83610"}],"wp:attachment":[{"href":"https:\/\/blogdoedvaldomagalhaes.com.br\/index.php\/wp-json\/wp\/v2\/media?parent=83609"}],"wp:term":[{"taxonomy":"category","embeddable":true,"href":"https:\/\/blogdoedvaldomagalhaes.com.br\/index.php\/wp-json\/wp\/v2\/categories?post=83609"},{"taxonomy":"post_tag","embeddable":true,"href":"https:\/\/blogdoedvaldomagalhaes.com.br\/index.php\/wp-json\/wp\/v2\/tags?post=83609"}],"curies":[{"name":"wp","href":"https:\/\/api.w.org\/{rel}","templated":true}]}}