{"id":83606,"date":"2022-05-27T14:37:52","date_gmt":"2022-05-27T17:37:52","guid":{"rendered":"https:\/\/blogdoedvaldomagalhaes.com.br\/?p=83606"},"modified":"2022-05-27T14:37:53","modified_gmt":"2022-05-27T17:37:53","slug":"apos-denuncia-anderson-correia-visita-ame-fernando-lyra-constata-problemas-na-unidade-e-vai-em-busca-de-melhorias","status":"publish","type":"post","link":"https:\/\/blogdoedvaldomagalhaes.com.br\/index.php\/2022\/05\/27\/apos-denuncia-anderson-correia-visita-ame-fernando-lyra-constata-problemas-na-unidade-e-vai-em-busca-de-melhorias\/","title":{"rendered":"Ap\u00f3s den\u00fancia, Anderson Correia visita AME Fernando Lyra, constata problemas na unidade e vai em busca de melhorias"},"content":{"rendered":"<p style=\"text-align: justify;\"><span style=\"font-size: inherit;\">O vereador Anderson Correia esteve visitando, no fim da manh\u00e3 desta sexta-feira (26), a AME Fernando Lyra ap\u00f3s den\u00fancias da popula\u00e7\u00e3o de que o local estaria com alguns problemas como falta de medicamentos, de materiais de trabalho, deficit no quadro de profissionais m\u00e9dicos e nos servi\u00e7os de odontologia, al\u00e9m de mudan\u00e7as no atendimento &#8211; na redu\u00e7\u00e3o de fichas para consultas e altera\u00e7\u00e3o da din\u00e2mica de marca\u00e7\u00f5es.<\/span><\/p>\n<p style=\"text-align: justify;\">A visita do parlamentar, em forma de fiscaliza\u00e7\u00e3o, constatou as dificuldades vivenciadas pela popula\u00e7\u00e3o que \u00e9 atendida na unidade de sa\u00fade, e que fazem parte das comunidades no entorno do Fernando Lyra, como o Luiz Gonzaga, Lagoa do Algod\u00e3o, Loteamento Amilson Afonso, S\u00edtio Juc\u00e1, S\u00edtio Pregui\u00e7a e parte do S\u00e3o Jo\u00e3o da Esc\u00f3cia.<\/p>\n<p style=\"text-align: justify;\">\u201cA popula\u00e7\u00e3o tem clamado por melhorias nesta unidade de sa\u00fade, que realmente precisa de ajustes. Visitamos e fiscalizamos como \u00e9 o nosso papel como vereador. Agora vamos em busca de melhorias para o local, pedindo um novo m\u00e9dico para ampliar o quadro de atendimento, pois a demanda \u00e9 gigante, al\u00e9m de solicitar a chegada de medicamentos, melhorias na sala de odontologia e solu\u00e7\u00f5es para outra demandas desta AME, junto \u00e0 Secretaria de Sa\u00fade\u201d, destacou o edil.<\/p>\n","protected":false},"excerpt":{"rendered":"<p>O vereador Anderson Correia esteve visitando, no fim da manh\u00e3 desta sexta-feira (26), a AME Fernando Lyra ap\u00f3s den\u00fancias da&hellip;<\/p>\n","protected":false},"author":1,"featured_media":83607,"comment_status":"open","ping_status":"open","sticky":false,"template":"","format":"standard","meta":{"footnotes":""},"categories":[14122],"tags":[24734,2,19532,3406,20],"class_list":["post-83606","post","type-post","status-publish","format-standard","has-post-thumbnail","hentry","category-politica","tag-apos-denuncia-anderson-correia-visita-ame-fernando-lyra-constata-problemas-na-unidade-e-vai-em-busca-de-melhorias","tag-blog-do-edvaldo-magalhaes","tag-blog-mais-acessado-e-visualizado-de-caruaru-e-regiao","tag-caruaru","tag-politica"],"_links":{"self":[{"href":"https:\/\/blogdoedvaldomagalhaes.com.br\/index.php\/wp-json\/wp\/v2\/posts\/83606","targetHints":{"allow":["GET"]}}],"collection":[{"href":"https:\/\/blogdoedvaldomagalhaes.com.br\/index.php\/wp-json\/wp\/v2\/posts"}],"about":[{"href":"https:\/\/blogdoedvaldomagalhaes.com.br\/index.php\/wp-json\/wp\/v2\/types\/post"}],"author":[{"embeddable":true,"href":"https:\/\/blogdoedvaldomagalhaes.com.br\/index.php\/wp-json\/wp\/v2\/users\/1"}],"replies":[{"embeddable":true,"href":"https:\/\/blogdoedvaldomagalhaes.com.br\/index.php\/wp-json\/wp\/v2\/comments?post=83606"}],"version-history":[{"count":1,"href":"https:\/\/blogdoedvaldomagalhaes.com.br\/index.php\/wp-json\/wp\/v2\/posts\/83606\/revisions"}],"predecessor-version":[{"id":83608,"href":"https:\/\/blogdoedvaldomagalhaes.com.br\/index.php\/wp-json\/wp\/v2\/posts\/83606\/revisions\/83608"}],"wp:featuredmedia":[{"embeddable":true,"href":"https:\/\/blogdoedvaldomagalhaes.com.br\/index.php\/wp-json\/wp\/v2\/media\/83607"}],"wp:attachment":[{"href":"https:\/\/blogdoedvaldomagalhaes.com.br\/index.php\/wp-json\/wp\/v2\/media?parent=83606"}],"wp:term":[{"taxonomy":"category","embeddable":true,"href":"https:\/\/blogdoedvaldomagalhaes.com.br\/index.php\/wp-json\/wp\/v2\/categories?post=83606"},{"taxonomy":"post_tag","embeddable":true,"href":"https:\/\/blogdoedvaldomagalhaes.com.br\/index.php\/wp-json\/wp\/v2\/tags?post=83606"}],"curies":[{"name":"wp","href":"https:\/\/api.w.org\/{rel}","templated":true}]}}