{"id":83600,"date":"2022-05-27T14:09:47","date_gmt":"2022-05-27T17:09:47","guid":{"rendered":"https:\/\/blogdoedvaldomagalhaes.com.br\/?p=83600"},"modified":"2022-05-27T14:15:33","modified_gmt":"2022-05-27T17:15:33","slug":"cafe-da-manha-homenageia-novos-aposentados-da-prefeitura-de-caruaru","status":"publish","type":"post","link":"https:\/\/blogdoedvaldomagalhaes.com.br\/index.php\/2022\/05\/27\/cafe-da-manha-homenageia-novos-aposentados-da-prefeitura-de-caruaru\/","title":{"rendered":"Caf\u00e9 da Manh\u00e3 homenageia novos aposentados da Prefeitura de Caruaru"},"content":{"rendered":"<p style=\"text-align: justify;\"><span style=\"font-size: inherit;\">Um caf\u00e9 da manh\u00e3 com os novos servidores aposentados da Prefeitura de Caruaru foi realizado, na manh\u00e3 desta sexta-feira (27), no audit\u00f3rio da CDL, no centro da cidade. O evento marcou o encerramento das comemora\u00e7\u00f5es pelos 165 anos da Capital do Agreste. Al\u00e9m de receberem a portaria de aposentadoria das m\u00e3os do prefeito Rodrigo Pinheiro, os homenageados ainda foram beneficiados com v\u00e1rios servi\u00e7os de sa\u00fade.<\/span><\/p>\n<p style=\"text-align: justify;\">Conforme ressaltou o prefeito, em suas respectivas fun\u00e7\u00f5es, todos eles contribu\u00edram e muito para com o desenvolvimento de Caruaru. \u201cVoc\u00eas s\u00e3o exemplo para os novos servidores que est\u00e3o chegando na Prefeitura. Merecem toda homenagem por parte da gest\u00e3o municipal por tudo que fizeram pela nossa cidade. A Prefeitura de Caruaru agradece a todos, pelos excelentes servi\u00e7os prestados\u201d.<\/p>\n<p style=\"text-align: justify;\">Os novos aposentados ingressaram no sistema de pagamento do Instituto de Previd\u00eancia dos Servidores Municipais de Caruaru (CaruaruPrev). Eles ganharam as boas-vindas da diretora Fernanda de Melo Barbosa. \u201cTodos esses servidores podem ter certeza que fazem parte da hist\u00f3ria da Prefeitura de Caruaru. \u00c9 com muita alegria e satisfa\u00e7\u00e3o que os recebemos na nossa fam\u00edlia Caruaruprev\u201d.<\/p>\n<p style=\"text-align: justify;\">Maria Simone agora est\u00e1 entre os mais novos aposentados do Caruaruprev e se disse emocionada com a homenagem prestada pela PMC. \u201cPassou um filme aqui de tudo que fizemos durante todos esses dedicados ao servi\u00e7o p\u00fablico e o sentimento \u00e9 de dever cumprido. Valeu muito \u00e0 pena!\u201d.<\/p>\n<p style=\"text-align: justify;\">Al\u00e9m das presen\u00e7as do prefeito Rodrigo Pinheiro e da diretora do Caruaruprev Fernanda Barbosa, o caf\u00e9 da manh\u00e3 ainda contou com as participa\u00e7\u00f5es dos secret\u00e1rios de Governo, Eduardo Vieira, de Sa\u00fade, B\u00e1rbara Flor\u00eancio, de Administra\u00e7\u00e3o, Gilson Monteiro, e de Planejamento, Carolina Cabral.<\/p>\n\n\n<figure class=\"wp-block-image size-large\"><img loading=\"lazy\" decoding=\"async\" width=\"1024\" height=\"683\" src=\"https:\/\/blogdoedvaldomagalhaes.com.br\/wp-content\/uploads\/2022\/05\/IMG-20220527-WA0088-1024x683.jpg\" alt=\"\" class=\"wp-image-83604\" srcset=\"https:\/\/blogdoedvaldomagalhaes.com.br\/wp-content\/uploads\/2022\/05\/IMG-20220527-WA0088-1024x683.jpg 1024w, https:\/\/blogdoedvaldomagalhaes.com.br\/wp-content\/uploads\/2022\/05\/IMG-20220527-WA0088-300x200.jpg 300w, https:\/\/blogdoedvaldomagalhaes.com.br\/wp-content\/uploads\/2022\/05\/IMG-20220527-WA0088-768x512.jpg 768w, https:\/\/blogdoedvaldomagalhaes.com.br\/wp-content\/uploads\/2022\/05\/IMG-20220527-WA0088.jpg 1280w\" sizes=\"auto, (max-width: 1024px) 100vw, 1024px\" \/><figcaption>Fotos: Prefeitura de Caruaru\/Divulga\u00e7\u00e3o <\/figcaption><\/figure>\n","protected":false},"excerpt":{"rendered":"<p>Um caf\u00e9 da manh\u00e3 com os novos servidores aposentados da Prefeitura de Caruaru foi realizado, na manh\u00e3 desta sexta-feira (27),&hellip;<\/p>\n","protected":false},"author":1,"featured_media":83601,"comment_status":"open","ping_status":"open","sticky":false,"template":"","format":"standard","meta":{"footnotes":""},"categories":[14120],"tags":[2,19532,24733,3406],"class_list":["post-83600","post","type-post","status-publish","format-standard","has-post-thumbnail","hentry","category-noticias","tag-blog-do-edvaldo-magalhaes","tag-blog-mais-acessado-e-visualizado-de-caruaru-e-regiao","tag-cafe-da-manha-homenageia-novos-aposentados-da-prefeitura-de-caruaru","tag-caruaru"],"_links":{"self":[{"href":"https:\/\/blogdoedvaldomagalhaes.com.br\/index.php\/wp-json\/wp\/v2\/posts\/83600","targetHints":{"allow":["GET"]}}],"collection":[{"href":"https:\/\/blogdoedvaldomagalhaes.com.br\/index.php\/wp-json\/wp\/v2\/posts"}],"about":[{"href":"https:\/\/blogdoedvaldomagalhaes.com.br\/index.php\/wp-json\/wp\/v2\/types\/post"}],"author":[{"embeddable":true,"href":"https:\/\/blogdoedvaldomagalhaes.com.br\/index.php\/wp-json\/wp\/v2\/users\/1"}],"replies":[{"embeddable":true,"href":"https:\/\/blogdoedvaldomagalhaes.com.br\/index.php\/wp-json\/wp\/v2\/comments?post=83600"}],"version-history":[{"count":2,"href":"https:\/\/blogdoedvaldomagalhaes.com.br\/index.php\/wp-json\/wp\/v2\/posts\/83600\/revisions"}],"predecessor-version":[{"id":83605,"href":"https:\/\/blogdoedvaldomagalhaes.com.br\/index.php\/wp-json\/wp\/v2\/posts\/83600\/revisions\/83605"}],"wp:featuredmedia":[{"embeddable":true,"href":"https:\/\/blogdoedvaldomagalhaes.com.br\/index.php\/wp-json\/wp\/v2\/media\/83601"}],"wp:attachment":[{"href":"https:\/\/blogdoedvaldomagalhaes.com.br\/index.php\/wp-json\/wp\/v2\/media?parent=83600"}],"wp:term":[{"taxonomy":"category","embeddable":true,"href":"https:\/\/blogdoedvaldomagalhaes.com.br\/index.php\/wp-json\/wp\/v2\/categories?post=83600"},{"taxonomy":"post_tag","embeddable":true,"href":"https:\/\/blogdoedvaldomagalhaes.com.br\/index.php\/wp-json\/wp\/v2\/tags?post=83600"}],"curies":[{"name":"wp","href":"https:\/\/api.w.org\/{rel}","templated":true}]}}