{"id":83594,"date":"2022-05-26T19:48:00","date_gmt":"2022-05-26T22:48:00","guid":{"rendered":"https:\/\/blogdoedvaldomagalhaes.com.br\/?p=83594"},"modified":"2022-05-26T19:48:02","modified_gmt":"2022-05-26T22:48:02","slug":"vereador-jorge-quintino-destaca-requerimento-sobre-a-criacao-de-um-hospital-municipal-do-servidor-publico-em-caruaru","status":"publish","type":"post","link":"https:\/\/blogdoedvaldomagalhaes.com.br\/index.php\/2022\/05\/26\/vereador-jorge-quintino-destaca-requerimento-sobre-a-criacao-de-um-hospital-municipal-do-servidor-publico-em-caruaru\/","title":{"rendered":"Vereador Jorge Quintino destaca requerimento sobre a cria\u00e7\u00e3o de um Hospital Municipal do Servidor P\u00fablico em Caruaru"},"content":{"rendered":"<p style=\"text-align: justify;\"><span style=\"font-size: inherit;\">Durante a realiza\u00e7\u00e3o da 22\u00aa Sess\u00e3o Legislativa, que ocorreu na tarde dessa quinta-feira (26), na Casa Jornalista Jos\u00e9 Carlos Flor\u00eancio, o Vereador Jorge Quintino foi \u00e0 tribuna para apresentar seu Requerimento, no qual solicita a realiza\u00e7\u00e3o de estudo e viabilidade para cria\u00e7\u00e3o de um Hospital Municipal do Servidor p\u00fablico e seus familiares em Caruaru.<\/span><\/p>\n<p style=\"text-align: justify;\">\u201cEsse Requerimento traz uma an\u00e1lise sobre as dificuldades que os funcion\u00e1rios p\u00fablicos t\u00eam passado em diversos fatores. Esses profissionais e seus familiares precisam de qualidade no acesso a sa\u00fade. Sendo assim, a cria\u00e7\u00e3o de um Hospital Municipal do Servidor vai garantir o acesso do servi\u00e7o de qualidade\u201d, ressaltou o Vereador.<\/p>\n<p style=\"text-align: justify;\">Ainda na tribuna, Jorge Quintino destacou o Anteprojeto de sua propositura referente a realiza\u00e7\u00e3o do teste de cores &#8220;ISHIHARA&#8221;, que se trata um exame utilizado para a detec\u00e7\u00e3o do daltonismo, visando o diagn\u00f3stico nos alunos da Rede Municipal de Ensino de Caruaru.<\/p>\n<p style=\"text-align: justify;\">\u201cEsta solicita\u00e7\u00e3o tem a finalidade de proporcionar um diagn\u00f3stico antecipado, maior qualidade de vida e aumentar a autoestima das pessoas com daltonismo, tornando assim um acesso universal e igualit\u00e1rio \u00e0s a\u00e7\u00f5es e servi\u00e7os para prote\u00e7\u00e3o e recupera\u00e7\u00e3o das pessoas com essas condi\u00e7\u00f5es\u201d, finalizou o Vereador.<\/p>\n<p style=\"text-align: justify;\">Foto: Vladimir Barreto.<\/p>\n","protected":false},"excerpt":{"rendered":"<p>Durante a realiza\u00e7\u00e3o da 22\u00aa Sess\u00e3o Legislativa, que ocorreu na tarde dessa quinta-feira (26), na Casa Jornalista Jos\u00e9 Carlos Flor\u00eancio,&hellip;<\/p>\n","protected":false},"author":1,"featured_media":83595,"comment_status":"open","ping_status":"open","sticky":false,"template":"","format":"standard","meta":{"footnotes":""},"categories":[14122],"tags":[2,19532,3406,20,24731],"class_list":["post-83594","post","type-post","status-publish","format-standard","has-post-thumbnail","hentry","category-politica","tag-blog-do-edvaldo-magalhaes","tag-blog-mais-acessado-e-visualizado-de-caruaru-e-regiao","tag-caruaru","tag-politica","tag-vereador-jorge-quintino-destaca-requerimento-sobre-a-criacao-de-um-hospital-municipal-do-servidor-publico-em-caruaru"],"_links":{"self":[{"href":"https:\/\/blogdoedvaldomagalhaes.com.br\/index.php\/wp-json\/wp\/v2\/posts\/83594","targetHints":{"allow":["GET"]}}],"collection":[{"href":"https:\/\/blogdoedvaldomagalhaes.com.br\/index.php\/wp-json\/wp\/v2\/posts"}],"about":[{"href":"https:\/\/blogdoedvaldomagalhaes.com.br\/index.php\/wp-json\/wp\/v2\/types\/post"}],"author":[{"embeddable":true,"href":"https:\/\/blogdoedvaldomagalhaes.com.br\/index.php\/wp-json\/wp\/v2\/users\/1"}],"replies":[{"embeddable":true,"href":"https:\/\/blogdoedvaldomagalhaes.com.br\/index.php\/wp-json\/wp\/v2\/comments?post=83594"}],"version-history":[{"count":1,"href":"https:\/\/blogdoedvaldomagalhaes.com.br\/index.php\/wp-json\/wp\/v2\/posts\/83594\/revisions"}],"predecessor-version":[{"id":83596,"href":"https:\/\/blogdoedvaldomagalhaes.com.br\/index.php\/wp-json\/wp\/v2\/posts\/83594\/revisions\/83596"}],"wp:featuredmedia":[{"embeddable":true,"href":"https:\/\/blogdoedvaldomagalhaes.com.br\/index.php\/wp-json\/wp\/v2\/media\/83595"}],"wp:attachment":[{"href":"https:\/\/blogdoedvaldomagalhaes.com.br\/index.php\/wp-json\/wp\/v2\/media?parent=83594"}],"wp:term":[{"taxonomy":"category","embeddable":true,"href":"https:\/\/blogdoedvaldomagalhaes.com.br\/index.php\/wp-json\/wp\/v2\/categories?post=83594"},{"taxonomy":"post_tag","embeddable":true,"href":"https:\/\/blogdoedvaldomagalhaes.com.br\/index.php\/wp-json\/wp\/v2\/tags?post=83594"}],"curies":[{"name":"wp","href":"https:\/\/api.w.org\/{rel}","templated":true}]}}