{"id":83591,"date":"2022-05-26T19:38:39","date_gmt":"2022-05-26T22:38:39","guid":{"rendered":"https:\/\/blogdoedvaldomagalhaes.com.br\/?p=83591"},"modified":"2022-05-26T19:38:40","modified_gmt":"2022-05-26T22:38:40","slug":"anderson-correia-comemora-aprovacao-do-pl-que-institui-o-programa-banco-de-racao-e-utensilios-para-animais-de-caruaru","status":"publish","type":"post","link":"https:\/\/blogdoedvaldomagalhaes.com.br\/index.php\/2022\/05\/26\/anderson-correia-comemora-aprovacao-do-pl-que-institui-o-programa-banco-de-racao-e-utensilios-para-animais-de-caruaru\/","title":{"rendered":"Anderson Correia comemora aprova\u00e7\u00e3o do PL que institui o programa \u201cBanco de Ra\u00e7\u00e3o e Utens\u00edlios para Animais\u201d de Caruaru"},"content":{"rendered":"<p style=\"text-align: justify;\"><span style=\"font-size: inherit;\">O vereador e pr\u00e9-candidato a deputado federal, Anderson Correia (PP), comemorou a aprova\u00e7\u00e3o do Projeto de Lei que institui o programa \u201cBanco de Ra\u00e7\u00e3o e Utens\u00edlios para Animais\u201d do munic\u00edpio de Caruaru. O PL foi \u00e9 de autoria do Poder Executivo, proveniente de uma proposi\u00e7\u00e3o sugerida por Anderson ao prefeito Rodrigo Pinheiro, que prontamente atendeu ao pedido e sugest\u00e3o do parlamentar, que comemorou a aprova\u00e7\u00e3o mat\u00e9ria na C\u00e2mara Municipal nesta quinta-feira (26).<\/span><\/p>\n<p style=\"text-align: justify;\">\u201cEste projeto de lei faz parte da nossa luta para a causa animal em Caruaru. Ser\u00e1 muito importante para a arrecada\u00e7\u00e3o de alimentos para os animais do nosso munic\u00edpio, oriundos de doa\u00e7\u00f5es de grandes empresas, com toneladas de ra\u00e7\u00f5es administrados para ONGs, tutores baixa renda e protetores. Nossa gratid\u00e3o ao prefeito Rodrigo Pinheiro pela sensibilidade com a causa, se colocando \u00e0 disposi\u00e7\u00e3o diante do nosso pedido para tirar este projeto do papel. Esta iniciativa ir\u00e1 melhorar muito a vida dos nossos animais\u201d, destacou o edil.<\/p>\n","protected":false},"excerpt":{"rendered":"<p>O vereador e pr\u00e9-candidato a deputado federal, Anderson Correia (PP), comemorou a aprova\u00e7\u00e3o do Projeto de Lei que institui o&hellip;<\/p>\n","protected":false},"author":1,"featured_media":83592,"comment_status":"open","ping_status":"open","sticky":false,"template":"","format":"standard","meta":{"footnotes":""},"categories":[14122],"tags":[24730,2,19532,3406,20],"class_list":["post-83591","post","type-post","status-publish","format-standard","has-post-thumbnail","hentry","category-politica","tag-anderson-correia-comemora-aprovacao-do-pl-que-institui-o-programa-banco-de-racao-e-utensilios-para-animais-de-caruaru","tag-blog-do-edvaldo-magalhaes","tag-blog-mais-acessado-e-visualizado-de-caruaru-e-regiao","tag-caruaru","tag-politica"],"_links":{"self":[{"href":"https:\/\/blogdoedvaldomagalhaes.com.br\/index.php\/wp-json\/wp\/v2\/posts\/83591","targetHints":{"allow":["GET"]}}],"collection":[{"href":"https:\/\/blogdoedvaldomagalhaes.com.br\/index.php\/wp-json\/wp\/v2\/posts"}],"about":[{"href":"https:\/\/blogdoedvaldomagalhaes.com.br\/index.php\/wp-json\/wp\/v2\/types\/post"}],"author":[{"embeddable":true,"href":"https:\/\/blogdoedvaldomagalhaes.com.br\/index.php\/wp-json\/wp\/v2\/users\/1"}],"replies":[{"embeddable":true,"href":"https:\/\/blogdoedvaldomagalhaes.com.br\/index.php\/wp-json\/wp\/v2\/comments?post=83591"}],"version-history":[{"count":1,"href":"https:\/\/blogdoedvaldomagalhaes.com.br\/index.php\/wp-json\/wp\/v2\/posts\/83591\/revisions"}],"predecessor-version":[{"id":83593,"href":"https:\/\/blogdoedvaldomagalhaes.com.br\/index.php\/wp-json\/wp\/v2\/posts\/83591\/revisions\/83593"}],"wp:featuredmedia":[{"embeddable":true,"href":"https:\/\/blogdoedvaldomagalhaes.com.br\/index.php\/wp-json\/wp\/v2\/media\/83592"}],"wp:attachment":[{"href":"https:\/\/blogdoedvaldomagalhaes.com.br\/index.php\/wp-json\/wp\/v2\/media?parent=83591"}],"wp:term":[{"taxonomy":"category","embeddable":true,"href":"https:\/\/blogdoedvaldomagalhaes.com.br\/index.php\/wp-json\/wp\/v2\/categories?post=83591"},{"taxonomy":"post_tag","embeddable":true,"href":"https:\/\/blogdoedvaldomagalhaes.com.br\/index.php\/wp-json\/wp\/v2\/tags?post=83591"}],"curies":[{"name":"wp","href":"https:\/\/api.w.org\/{rel}","templated":true}]}}