{"id":8359,"date":"2016-09-09T17:31:00","date_gmt":"2016-09-09T20:31:00","guid":{"rendered":"http:\/\/blogdoedvaldomagalhaes.com.br\/index.php\/2016\/09\/09\/candidatos-prefeito-de-caruaru-serao\/"},"modified":"2019-02-09T00:58:27","modified_gmt":"2019-02-09T02:58:27","slug":"candidatos-prefeito-de-caruaru-serao","status":"publish","type":"post","link":"https:\/\/blogdoedvaldomagalhaes.com.br\/index.php\/2016\/09\/09\/candidatos-prefeito-de-caruaru-serao\/","title":{"rendered":"Candidatos a prefeito de Caruaru ser\u00e3o sabatinados por empres\u00e1rios na Fiepe"},"content":{"rendered":"<div class=\"separator\" style=\"clear: both; text-align: center;\">\n<a href=\"https:\/\/1.bp.blogspot.com\/-SXTSW6gY3Go\/V9LxigzGTEI\/AAAAAAAAGDk\/5BR6zrrmPNUxwUIpcyF_xuZ4oVzBHjguACLcB\/s1600\/candidatos%2B1.jpg\" imageanchor=\"1\" style=\"margin-left: 1em; margin-right: 1em;\"><img loading=\"lazy\" decoding=\"async\" border=\"0\" height=\"240\" src=\"http:\/\/blogdoedvaldomagalhaes.com.br\/wp-content\/uploads\/2016\/09\/candidatos1.jpg\" width=\"400\" \/><\/a><\/div>\n<div style=\"text-align: justify;\">\n<\/div>\n<div style=\"text-align: justify;\">\nA Federa\u00e7\u00e3o das Ind\u00fastrias de Pernambuco (Fiepe), convidou quatro candidatos a prefeito de Caruaru para comparecerem na pr\u00f3xima ter\u00e7a-feira (13) a partir das 15h30, ao audit\u00f3rio da Unidade Regional do Agreste, localizado&nbsp;na rua Padre F\u00e9lix Barreto &nbsp;79, no bairro Maur\u00edcio de Nassau,&nbsp;&nbsp;onde ser\u00e3o sabatinados pelos empres\u00e1rios, separadamente, no chamado Di\u00e1logo da Ind\u00fastria.<\/p>\n<\/div>\n<div style=\"text-align: justify;\">\nA participa\u00e7\u00e3o de cada candidato seguir\u00e1 a mesma ordem, com abertura, apresenta\u00e7\u00e3o das propostas de governo, ir\u00e3o responder perguntas dos empres\u00e1rios, considera\u00e7\u00f5es finais e coletiva de imprensa.&nbsp;<\/p>\n<p>A ordem dos candidatos foi definida em sorteio realizado com assessores de campanha, no \u00faltimo dia 29 de agosto, e ser\u00e1 da seguinte maneira: Tony Gel do PMDB ser\u00e1 o primeiro candidato, logo em seguida vem a tucana Raquel Lyra, depois o candidato da situa\u00e7\u00e3o Jorge Gomes do PSB, e encerrando o evento-pol\u00edtico Erick Lessa do PR.<\/p>\n<p>Cada candidato ter\u00e1 20 minutos para apresentar suas propostas destinadas ao setor industrial. Em seguida, empres\u00e1rios do setor far\u00e3o perguntas em no m\u00e1ximo um minuto e as repostas ter\u00e3o no m\u00e1ximo quatro minutos. As perguntas ser\u00e3o nas \u00e1reas da ind\u00fastria, meio ambiente, infraestrutura, terceiriza\u00e7\u00e3o e pol\u00edticas sociais. As considera\u00e7\u00f5es finais ser\u00e3o de dez minutos.<\/p><\/div>\n<div style=\"text-align: justify;\">\n<\/div>\n<div style=\"text-align: justify;\">\n<div style=\"text-align: justify;\">\n\u201cO Di\u00e1logo da Ind\u00fastria com os candidatos vai acontecer tanto na sede da Fiepe como nas tr\u00eas regionais: Petrolina, Araripina e Caruaru, com mesmo modelo e formato. Nosso objetivo \u00e9 tratar com prioridade as demandas da ind\u00fastria. Queremos ouvir os candidatos sobre os projetos para o segmento, que \u00e9 grande gerador de empregos em Caruaru. Entre eles, por exemplo, quais s\u00e3o as propostas de infraestrutura para o Distrito Industrial, de apoio \u00e0s Micro e Pequenas Empresas e de incentivo fiscal. A expectativa \u00e9 que possamos criar la\u00e7os com esses candidatos, fortalecendo o relacionamento com a nossa institui\u00e7\u00e3o e criando um canal de di\u00e1logo permanente com o futuro gestor da nossa cidade\u201d, destaca o diretor regional da Fiepe, Andrerson Porto.<\/div>\n<\/div>\n<div style=\"text-align: justify;\">\n<\/div>\n<div class=\"separator\" style=\"clear: both; text-align: center;\">\n<a href=\"https:\/\/2.bp.blogspot.com\/-RTfvUyag1WA\/V9Lx3_Tt6vI\/AAAAAAAAGDo\/InVnzEazqwcck_CMT5aw34G6_BNcu2SVwCLcB\/s1600\/fiepe.jpg\" imageanchor=\"1\" style=\"margin-left: 1em; margin-right: 1em;\"><img loading=\"lazy\" decoding=\"async\" border=\"0\" height=\"400\" src=\"http:\/\/blogdoedvaldomagalhaes.com.br\/wp-content\/uploads\/2016\/09\/fiepe.jpg\" width=\"400\" \/><\/a><\/div>\n","protected":false},"excerpt":{"rendered":"<p>A Federa\u00e7\u00e3o das Ind\u00fastrias de Pernambuco (Fiepe), convidou quatro candidatos a prefeito de Caruaru para comparecerem na pr\u00f3xima ter\u00e7a-feira (13)&hellip;<\/p>\n","protected":false},"author":1,"featured_media":0,"comment_status":"open","ping_status":"open","sticky":false,"template":"","format":"standard","meta":{"footnotes":""},"categories":[1],"tags":[1413,12360,9402,5151,3121,20,1229,995],"class_list":["post-8359","post","type-post","status-publish","format-standard","hentry","category-sem-categoria","tag-bairro-mauricio-de-nassau","tag-candidatos-a-prefeito-de-caruaru-serao-sabatinados-por-empresarios-na-fiepe","tag-erick-lessa","tag-jorge-gomes","tag-noticias-da-politica","tag-politica","tag-raquel-lyra","tag-tony-gel"],"_links":{"self":[{"href":"https:\/\/blogdoedvaldomagalhaes.com.br\/index.php\/wp-json\/wp\/v2\/posts\/8359","targetHints":{"allow":["GET"]}}],"collection":[{"href":"https:\/\/blogdoedvaldomagalhaes.com.br\/index.php\/wp-json\/wp\/v2\/posts"}],"about":[{"href":"https:\/\/blogdoedvaldomagalhaes.com.br\/index.php\/wp-json\/wp\/v2\/types\/post"}],"author":[{"embeddable":true,"href":"https:\/\/blogdoedvaldomagalhaes.com.br\/index.php\/wp-json\/wp\/v2\/users\/1"}],"replies":[{"embeddable":true,"href":"https:\/\/blogdoedvaldomagalhaes.com.br\/index.php\/wp-json\/wp\/v2\/comments?post=8359"}],"version-history":[{"count":1,"href":"https:\/\/blogdoedvaldomagalhaes.com.br\/index.php\/wp-json\/wp\/v2\/posts\/8359\/revisions"}],"predecessor-version":[{"id":12236,"href":"https:\/\/blogdoedvaldomagalhaes.com.br\/index.php\/wp-json\/wp\/v2\/posts\/8359\/revisions\/12236"}],"wp:attachment":[{"href":"https:\/\/blogdoedvaldomagalhaes.com.br\/index.php\/wp-json\/wp\/v2\/media?parent=8359"}],"wp:term":[{"taxonomy":"category","embeddable":true,"href":"https:\/\/blogdoedvaldomagalhaes.com.br\/index.php\/wp-json\/wp\/v2\/categories?post=8359"},{"taxonomy":"post_tag","embeddable":true,"href":"https:\/\/blogdoedvaldomagalhaes.com.br\/index.php\/wp-json\/wp\/v2\/tags?post=8359"}],"curies":[{"name":"wp","href":"https:\/\/api.w.org\/{rel}","templated":true}]}}