{"id":83586,"date":"2022-05-26T18:43:29","date_gmt":"2022-05-26T21:43:29","guid":{"rendered":"https:\/\/blogdoedvaldomagalhaes.com.br\/?p=83586"},"modified":"2022-05-26T18:43:31","modified_gmt":"2022-05-26T21:43:31","slug":"rodrigo-pinheiro-e-paulo-camara-dialogam-sobre-caruaru-e-sao-joao-que-recebera-r-35-milhoes","status":"publish","type":"post","link":"https:\/\/blogdoedvaldomagalhaes.com.br\/index.php\/2022\/05\/26\/rodrigo-pinheiro-e-paulo-camara-dialogam-sobre-caruaru-e-sao-joao-que-recebera-r-35-milhoes\/","title":{"rendered":"Rodrigo Pinheiro e Paulo C\u00e2mara dialogam sobre Caruaru e S\u00e3o Jo\u00e3o que receber\u00e1 R$ 3,5 milh\u00f5es"},"content":{"rendered":"<p style=\"text-align: justify;\"><span style=\"font-size: inherit;\">O prefeito de Caruaru, Rodrigo Pinheiro, esteve, nesta quinta-feira (26), com o governador de Pernambuco, Paulo C\u00e2mara. A reuni\u00e3o aconteceu no Pal\u00e1cio do Campo das Princesas, na Capital Pernambucana, e contou com a presen\u00e7a do secret\u00e1rio de Infraestrutura e obras de Caruaru, Andrews Melo; o procurador geral do munic\u00edpio, Dimitre Bezerra, o secret\u00e1rio da Casa Civil Jos\u00e9 Neto e o deputado federal, Milton Coelho.<\/span><\/p>\n<p style=\"text-align: justify;\">A pauta da reuni\u00e3o foi o S\u00e3o Jo\u00e3o de Caruaru, onde o Governo do Estado vai disponibilizar R$ 3,5 milh\u00f5es para a festa da cidade e o pr\u00f3prio governador quer acompanhar de perto a festa no interior do Estado, sendo a primeira autoridade pol\u00edtica a receber o convite oficial do S\u00e3o Jo\u00e3o 2022 de Caruaru.<\/p>\n<p style=\"text-align: justify;\">A quest\u00e3o de Infraestrutura e do investimento de empresas aqui no munic\u00edpio tamb\u00e9m foram abordados na reuni\u00e3o. &#8220;\u00c9 com muita satisfa\u00e7\u00e3o que estou aqui com o governador de Pernambuco, Paulo C\u00e2mara, pleiteando melhorias para o nosso munic\u00edpio e atrav\u00e9s do di\u00e1logo fazer de Caruaru uma cidade melhor para se viver. Recebemos uma verba do governo para a festa do S\u00e3o Jo\u00e3o e vamos fazer, junto ao povo caruaruense, uma festa linda e muito especial&#8221;, finalizou o prefeito, Rodrigo Pinheiro.<\/p>\n\n\n<figure class=\"wp-block-image size-large\"><img loading=\"lazy\" decoding=\"async\" width=\"1024\" height=\"660\" src=\"https:\/\/blogdoedvaldomagalhaes.com.br\/wp-content\/uploads\/2022\/05\/IMG-20220526-WA0169-1024x660.jpg\" alt=\"\" class=\"wp-image-83588\" srcset=\"https:\/\/blogdoedvaldomagalhaes.com.br\/wp-content\/uploads\/2022\/05\/IMG-20220526-WA0169-1024x660.jpg 1024w, https:\/\/blogdoedvaldomagalhaes.com.br\/wp-content\/uploads\/2022\/05\/IMG-20220526-WA0169-300x194.jpg 300w, https:\/\/blogdoedvaldomagalhaes.com.br\/wp-content\/uploads\/2022\/05\/IMG-20220526-WA0169-768x495.jpg 768w, https:\/\/blogdoedvaldomagalhaes.com.br\/wp-content\/uploads\/2022\/05\/IMG-20220526-WA0169-1536x991.jpg 1536w, https:\/\/blogdoedvaldomagalhaes.com.br\/wp-content\/uploads\/2022\/05\/IMG-20220526-WA0169.jpg 1600w\" sizes=\"auto, (max-width: 1024px) 100vw, 1024px\" \/><figcaption>Fotos: Alu\u00edsio Moreira<\/figcaption><\/figure>\n","protected":false},"excerpt":{"rendered":"<p>O prefeito de Caruaru, Rodrigo Pinheiro, esteve, nesta quinta-feira (26), com o governador de Pernambuco, Paulo C\u00e2mara. A reuni\u00e3o aconteceu&hellip;<\/p>\n","protected":false},"author":1,"featured_media":83587,"comment_status":"open","ping_status":"open","sticky":false,"template":"","format":"standard","meta":{"footnotes":""},"categories":[14122],"tags":[19532,3406,20,24729],"class_list":["post-83586","post","type-post","status-publish","format-standard","has-post-thumbnail","hentry","category-politica","tag-blog-mais-acessado-e-visualizado-de-caruaru-e-regiao","tag-caruaru","tag-politica","tag-rodrigo-pinheiro-e-paulo-camara-dialogam-sobre-caruaru-e-sao-joao"],"_links":{"self":[{"href":"https:\/\/blogdoedvaldomagalhaes.com.br\/index.php\/wp-json\/wp\/v2\/posts\/83586","targetHints":{"allow":["GET"]}}],"collection":[{"href":"https:\/\/blogdoedvaldomagalhaes.com.br\/index.php\/wp-json\/wp\/v2\/posts"}],"about":[{"href":"https:\/\/blogdoedvaldomagalhaes.com.br\/index.php\/wp-json\/wp\/v2\/types\/post"}],"author":[{"embeddable":true,"href":"https:\/\/blogdoedvaldomagalhaes.com.br\/index.php\/wp-json\/wp\/v2\/users\/1"}],"replies":[{"embeddable":true,"href":"https:\/\/blogdoedvaldomagalhaes.com.br\/index.php\/wp-json\/wp\/v2\/comments?post=83586"}],"version-history":[{"count":2,"href":"https:\/\/blogdoedvaldomagalhaes.com.br\/index.php\/wp-json\/wp\/v2\/posts\/83586\/revisions"}],"predecessor-version":[{"id":83590,"href":"https:\/\/blogdoedvaldomagalhaes.com.br\/index.php\/wp-json\/wp\/v2\/posts\/83586\/revisions\/83590"}],"wp:featuredmedia":[{"embeddable":true,"href":"https:\/\/blogdoedvaldomagalhaes.com.br\/index.php\/wp-json\/wp\/v2\/media\/83587"}],"wp:attachment":[{"href":"https:\/\/blogdoedvaldomagalhaes.com.br\/index.php\/wp-json\/wp\/v2\/media?parent=83586"}],"wp:term":[{"taxonomy":"category","embeddable":true,"href":"https:\/\/blogdoedvaldomagalhaes.com.br\/index.php\/wp-json\/wp\/v2\/categories?post=83586"},{"taxonomy":"post_tag","embeddable":true,"href":"https:\/\/blogdoedvaldomagalhaes.com.br\/index.php\/wp-json\/wp\/v2\/tags?post=83586"}],"curies":[{"name":"wp","href":"https:\/\/api.w.org\/{rel}","templated":true}]}}