{"id":83581,"date":"2022-05-26T13:01:09","date_gmt":"2022-05-26T16:01:09","guid":{"rendered":"https:\/\/blogdoedvaldomagalhaes.com.br\/?p=83581"},"modified":"2022-05-26T13:01:11","modified_gmt":"2022-05-26T16:01:11","slug":"sesc-tem-vagas-de-trabalho-abertas-em-16-cidades-em-pernambuco-confira","status":"publish","type":"post","link":"https:\/\/blogdoedvaldomagalhaes.com.br\/index.php\/2022\/05\/26\/sesc-tem-vagas-de-trabalho-abertas-em-16-cidades-em-pernambuco-confira\/","title":{"rendered":"Sesc tem vagas de trabalho abertas em 16 cidades em Pernambuco; Confira"},"content":{"rendered":"<p style=\"text-align: justify;\">O Sesc Pernambuco est\u00e1 com 57 vagas de emprego abertas para 16 munic\u00edpios do estado. Elas est\u00e3o dispon\u00edveis no site da institui\u00e7\u00e3o (www.sescpe.org.br), por onde tamb\u00e9m, e exclusivamente, s\u00e3o realizadas as inscri\u00e7\u00f5es. As pessoas interessadas t\u00eam at\u00e9 o 30 de maio para se candidatar.<\/p>\n<p>As vagas s\u00e3o para atua\u00e7\u00e3o no Recife, Goiana, S\u00e3o Louren\u00e7o da Mata, Jaboat\u00e3o dos Guararapes, Sirinha\u00e9m, Belo Jardim, Bu\u00edque, Caruaru, Garanhuns, Pesqueira, Surubim, Arcoverde, Araripina, Bodoc\u00f3, Petrolina e Triunfo. Todas elas s\u00e3o para trabalho presencial e contrata\u00e7\u00e3o \u00e9 celetista, pautada nas Consolida\u00e7\u00f5es das Leis do Trabalho (CLT). O sal\u00e1rio varia de acordo com o cargo, e todas possuem benef\u00edcios, como aux\u00edlio sa\u00fade e alimenta\u00e7\u00e3o, vale-transporte, desconto nos servi\u00e7os e projetos do Sesc.<\/p>\n<p>Das 57 oportunidades, 4 s\u00e3o destinadas a pessoas com defici\u00eancia. As vagas s\u00e3o para diversas \u00e1reas de atua\u00e7\u00e3o do Sesc. Tem para cozinheiro, atendente de copa e cozinha, camareira, auxiliar em sa\u00fade bucal e de manuten\u00e7\u00e3o, t\u00e9cnico em seguran\u00e7a do trabalho, sa\u00fade bucal e eletricidade, professor de esportes, espanhol, literatura, m\u00fasica e de educa\u00e7\u00e3o especial e inclusiva, analista administrativo e de licita\u00e7\u00f5es e contratos, m\u00e9dico e nutricionista, entre outros.<\/p>\n<p>Ap\u00f3s a inscri\u00e7\u00e3o e valida\u00e7\u00e3o das informa\u00e7\u00f5es, os candidatos v\u00e3o participar do processo seletivo, que analisa quest\u00f5es t\u00e9cnicas e comportamentais do cargo escolhido e outros crit\u00e9rios descriminados nos Comunicados das Vagas dispon\u00edveis no site do processo seletivo. Para chegar \u00e0s vagas, \u00e9 preciso acessar www.sescpe.org.br, seguir para \u201cSobre o Sesc\u201d e, em seguida, para o \u201cTrabalhe conosco\u201d. Na p\u00e1gina, o interessado pode ler todas as informa\u00e7\u00f5es sobre a vaga, preencher seus dados enviar o curr\u00edculo.<\/p>\n","protected":false},"excerpt":{"rendered":"<p>O Sesc Pernambuco est\u00e1 com 57 vagas de emprego abertas para 16 munic\u00edpios do estado. Elas est\u00e3o dispon\u00edveis no site&hellip;<\/p>\n","protected":false},"author":1,"featured_media":83582,"comment_status":"open","ping_status":"open","sticky":false,"template":"","format":"standard","meta":{"footnotes":""},"categories":[14120],"tags":[2,19532,3406,24727],"class_list":["post-83581","post","type-post","status-publish","format-standard","has-post-thumbnail","hentry","category-noticias","tag-blog-do-edvaldo-magalhaes","tag-blog-mais-acessado-e-visualizado-de-caruaru-e-regiao","tag-caruaru","tag-sesc-tem-vagas-de-trabalho-abertas-em-16-cidades-em-pernambuco-confira"],"_links":{"self":[{"href":"https:\/\/blogdoedvaldomagalhaes.com.br\/index.php\/wp-json\/wp\/v2\/posts\/83581","targetHints":{"allow":["GET"]}}],"collection":[{"href":"https:\/\/blogdoedvaldomagalhaes.com.br\/index.php\/wp-json\/wp\/v2\/posts"}],"about":[{"href":"https:\/\/blogdoedvaldomagalhaes.com.br\/index.php\/wp-json\/wp\/v2\/types\/post"}],"author":[{"embeddable":true,"href":"https:\/\/blogdoedvaldomagalhaes.com.br\/index.php\/wp-json\/wp\/v2\/users\/1"}],"replies":[{"embeddable":true,"href":"https:\/\/blogdoedvaldomagalhaes.com.br\/index.php\/wp-json\/wp\/v2\/comments?post=83581"}],"version-history":[{"count":1,"href":"https:\/\/blogdoedvaldomagalhaes.com.br\/index.php\/wp-json\/wp\/v2\/posts\/83581\/revisions"}],"predecessor-version":[{"id":83583,"href":"https:\/\/blogdoedvaldomagalhaes.com.br\/index.php\/wp-json\/wp\/v2\/posts\/83581\/revisions\/83583"}],"wp:featuredmedia":[{"embeddable":true,"href":"https:\/\/blogdoedvaldomagalhaes.com.br\/index.php\/wp-json\/wp\/v2\/media\/83582"}],"wp:attachment":[{"href":"https:\/\/blogdoedvaldomagalhaes.com.br\/index.php\/wp-json\/wp\/v2\/media?parent=83581"}],"wp:term":[{"taxonomy":"category","embeddable":true,"href":"https:\/\/blogdoedvaldomagalhaes.com.br\/index.php\/wp-json\/wp\/v2\/categories?post=83581"},{"taxonomy":"post_tag","embeddable":true,"href":"https:\/\/blogdoedvaldomagalhaes.com.br\/index.php\/wp-json\/wp\/v2\/tags?post=83581"}],"curies":[{"name":"wp","href":"https:\/\/api.w.org\/{rel}","templated":true}]}}