{"id":8357,"date":"2016-09-09T22:37:00","date_gmt":"2016-09-10T01:37:00","guid":{"rendered":"http:\/\/blogdoedvaldomagalhaes.com.br\/index.php\/2016\/09\/09\/bancarios-rejeitam-proposta-de-7-de\/"},"modified":"2019-02-09T00:58:29","modified_gmt":"2019-02-09T02:58:29","slug":"bancarios-rejeitam-proposta-de-7-de","status":"publish","type":"post","link":"https:\/\/blogdoedvaldomagalhaes.com.br\/index.php\/2016\/09\/09\/bancarios-rejeitam-proposta-de-7-de\/","title":{"rendered":"Banc\u00e1rios rejeitam proposta de 7% de reajuste salarial e greve continua"},"content":{"rendered":"<div class=\"separator\" style=\"clear: both; text-align: center;\">\n<a href=\"https:\/\/2.bp.blogspot.com\/-7NLeauBkB5Y\/V9M4-oNbd8I\/AAAAAAAAGEc\/mBRaJHfUF4Ar1YxmrWA6qbyKJbya5VMQgCLcB\/s1600\/00%2BBANCO.jpg\" imageanchor=\"1\" style=\"margin-left: 1em; margin-right: 1em;\"><img loading=\"lazy\" decoding=\"async\" border=\"0\" height=\"242\" src=\"http:\/\/blogdoedvaldomagalhaes.com.br\/wp-content\/uploads\/2016\/09\/00BANCO.jpg\" width=\"400\" \/><\/a><\/div>\n<p><\/p>\n<div style=\"text-align: center;\">\n&nbsp;(Foto: Karlla Oliveira\/R\u00e1dio Liberdade)<\/div>\n<p><\/p>\n<div style=\"text-align: justify;\">\nOs banc\u00e1rios rejeitaram a proposta da Federa\u00e7\u00e3o Nacional dos Bancos<br \/>\n (Fenaban) de reajuste de 7%. Em assembleias nesta sexta-feira (09),<br \/>\neles decidiram manter a greve iniciada na \u00faltima ter\u00e7a-feira (06). A<br \/>\ncategoria reivindica aumento de 14,78%.<\/div>\n<div style=\"text-align: justify;\">\n<\/div>\n<div style=\"text-align: justify;\">\nNo quarto dia de paralisa\u00e7\u00e3o, mais de 10 mil ag\u00eancias tiveram as<br \/>\natividades paralisadas. Em Caruaru, a ades\u00e3o atingiu 100%, segundo o<br \/>\npresidente do Sindicato dos Banc\u00e1rios, Assis Lemos, em entrevista \u00e0<br \/>\nR\u00e1dio Liberdade.<\/div>\n<div style=\"text-align: justify;\">\n<\/div>\n<div style=\"text-align: justify;\">\nNo Brasil, segundo o Banco Central, existem 22.676 ag\u00eancias<br \/>\nbanc\u00e1rias, sendo 500 em Pernambuco e 20 em Caruaru. S\u00e3o ao todo 12 mil<br \/>\nbanc\u00e1rios no Estado e cerca de 300 na Capital do Agreste.<\/div>\n<p><\/p>\n","protected":false},"excerpt":{"rendered":"<p>&nbsp;(Foto: Karlla Oliveira\/R\u00e1dio Liberdade) Os banc\u00e1rios rejeitaram a proposta da Federa\u00e7\u00e3o Nacional dos Bancos (Fenaban) de reajuste de 7%. Em&hellip;<\/p>\n","protected":false},"author":1,"featured_media":0,"comment_status":"open","ping_status":"open","sticky":false,"template":"","format":"standard","meta":{"footnotes":""},"categories":[1],"tags":[2,6,1950,12355],"class_list":["post-8357","post","type-post","status-publish","format-standard","hentry","category-sem-categoria","tag-blog-do-edvaldo-magalhaes","tag-noticias","tag-noticias-de-caruaru","tag-os-bancarios-rejeitaram-a-proposta-da-federacao-nacional-dos-bancos-fenaban-de-reajuste-de-7"],"_links":{"self":[{"href":"https:\/\/blogdoedvaldomagalhaes.com.br\/index.php\/wp-json\/wp\/v2\/posts\/8357","targetHints":{"allow":["GET"]}}],"collection":[{"href":"https:\/\/blogdoedvaldomagalhaes.com.br\/index.php\/wp-json\/wp\/v2\/posts"}],"about":[{"href":"https:\/\/blogdoedvaldomagalhaes.com.br\/index.php\/wp-json\/wp\/v2\/types\/post"}],"author":[{"embeddable":true,"href":"https:\/\/blogdoedvaldomagalhaes.com.br\/index.php\/wp-json\/wp\/v2\/users\/1"}],"replies":[{"embeddable":true,"href":"https:\/\/blogdoedvaldomagalhaes.com.br\/index.php\/wp-json\/wp\/v2\/comments?post=8357"}],"version-history":[{"count":1,"href":"https:\/\/blogdoedvaldomagalhaes.com.br\/index.php\/wp-json\/wp\/v2\/posts\/8357\/revisions"}],"predecessor-version":[{"id":12240,"href":"https:\/\/blogdoedvaldomagalhaes.com.br\/index.php\/wp-json\/wp\/v2\/posts\/8357\/revisions\/12240"}],"wp:attachment":[{"href":"https:\/\/blogdoedvaldomagalhaes.com.br\/index.php\/wp-json\/wp\/v2\/media?parent=8357"}],"wp:term":[{"taxonomy":"category","embeddable":true,"href":"https:\/\/blogdoedvaldomagalhaes.com.br\/index.php\/wp-json\/wp\/v2\/categories?post=8357"},{"taxonomy":"post_tag","embeddable":true,"href":"https:\/\/blogdoedvaldomagalhaes.com.br\/index.php\/wp-json\/wp\/v2\/tags?post=8357"}],"curies":[{"name":"wp","href":"https:\/\/api.w.org\/{rel}","templated":true}]}}