{"id":83418,"date":"2022-05-24T08:29:38","date_gmt":"2022-05-24T11:29:38","guid":{"rendered":"https:\/\/blogdoedvaldomagalhaes.com.br\/?p=83418"},"modified":"2022-05-24T08:29:39","modified_gmt":"2022-05-24T11:29:39","slug":"mais-uma-emenda-parlamentar-de-tony-gel-vai-ajudar-a-asfoc-a-beneficiar-forrozeiros-de-caruaru","status":"publish","type":"post","link":"https:\/\/blogdoedvaldomagalhaes.com.br\/index.php\/2022\/05\/24\/mais-uma-emenda-parlamentar-de-tony-gel-vai-ajudar-a-asfoc-a-beneficiar-forrozeiros-de-caruaru\/","title":{"rendered":"Mais uma emenda parlamentar de Tony Gel vai ajudar a Asfoc a beneficiar forrozeiros de Caruaru"},"content":{"rendered":"<p style=\"text-align: justify;\"><span style=\"font-size: inherit;\">Uma nova emenda parlamentar destinada pelo Deputado Estadual Tony Gel (PSB), para a ASFOC- Associa\u00e7\u00e3o dos Forrozeiros e Trios P\u00e9-de-Serra de Caruaru, no valor de R$ 130.000,00 (Cento e trinta mil reais), vai ajudar a entidade a avan\u00e7ar na produ\u00e7\u00e3o, grava\u00e7\u00e3o e divulga\u00e7\u00f5es musicais de cantores, bandas e trios p\u00e9-de-serra.<\/span><\/p>\n<p style=\"text-align: justify;\">Ajudar os forrozeiros e os trios p\u00e9-de-serra da Capital do Forr\u00f3, tem sido uma prioridade do mandato de Tony Gel, na Alepe. Ano passado, o parlamentar destinou, tamb\u00e9m para a ASFOC, uma emenda no valor de R$ 75.000,00, que serviram para auxiliar a Associa\u00e7\u00e3o em v\u00e1rios projetos.<\/p>\n<p style=\"text-align: justify;\">&#8220;Ajudar os forrozeiros de Caruaru \u00e9 uma prioridade. E isso, estamos fazendo atrav\u00e9s de emendas parlamentares destinadas por n\u00f3s, para a Asfoc. O amigo Didi Caruaru tem feito um excelente trabalho em prol da categoria, e tem contando com a nossa ajuda dentro daquilo que \u00e9 poss\u00edvel&#8221;, disse Tony Gel.<\/p>\n<p>Foto: Divulga\u00e7\u00e3o.<\/p>\n","protected":false},"excerpt":{"rendered":"<p>Uma nova emenda parlamentar destinada pelo Deputado Estadual Tony Gel (PSB), para a ASFOC- Associa\u00e7\u00e3o dos Forrozeiros e Trios P\u00e9-de-Serra&hellip;<\/p>\n","protected":false},"author":1,"featured_media":83419,"comment_status":"open","ping_status":"open","sticky":false,"template":"","format":"standard","meta":{"footnotes":""},"categories":[14122],"tags":[2,19532,3406,24698,24699],"class_list":["post-83418","post","type-post","status-publish","format-standard","has-post-thumbnail","hentry","category-politica","tag-blog-do-edvaldo-magalhaes","tag-blog-mais-acessado-e-visualizado-de-caruaru-e-regiao","tag-caruaru","tag-mais-uma-emenda-parlamentar-de-tony-gel-vai-ajudar-a-asfoc-a-beneficiar-forrozeiros-de-caruaru","tag-poitica"],"_links":{"self":[{"href":"https:\/\/blogdoedvaldomagalhaes.com.br\/index.php\/wp-json\/wp\/v2\/posts\/83418","targetHints":{"allow":["GET"]}}],"collection":[{"href":"https:\/\/blogdoedvaldomagalhaes.com.br\/index.php\/wp-json\/wp\/v2\/posts"}],"about":[{"href":"https:\/\/blogdoedvaldomagalhaes.com.br\/index.php\/wp-json\/wp\/v2\/types\/post"}],"author":[{"embeddable":true,"href":"https:\/\/blogdoedvaldomagalhaes.com.br\/index.php\/wp-json\/wp\/v2\/users\/1"}],"replies":[{"embeddable":true,"href":"https:\/\/blogdoedvaldomagalhaes.com.br\/index.php\/wp-json\/wp\/v2\/comments?post=83418"}],"version-history":[{"count":1,"href":"https:\/\/blogdoedvaldomagalhaes.com.br\/index.php\/wp-json\/wp\/v2\/posts\/83418\/revisions"}],"predecessor-version":[{"id":83420,"href":"https:\/\/blogdoedvaldomagalhaes.com.br\/index.php\/wp-json\/wp\/v2\/posts\/83418\/revisions\/83420"}],"wp:featuredmedia":[{"embeddable":true,"href":"https:\/\/blogdoedvaldomagalhaes.com.br\/index.php\/wp-json\/wp\/v2\/media\/83419"}],"wp:attachment":[{"href":"https:\/\/blogdoedvaldomagalhaes.com.br\/index.php\/wp-json\/wp\/v2\/media?parent=83418"}],"wp:term":[{"taxonomy":"category","embeddable":true,"href":"https:\/\/blogdoedvaldomagalhaes.com.br\/index.php\/wp-json\/wp\/v2\/categories?post=83418"},{"taxonomy":"post_tag","embeddable":true,"href":"https:\/\/blogdoedvaldomagalhaes.com.br\/index.php\/wp-json\/wp\/v2\/tags?post=83418"}],"curies":[{"name":"wp","href":"https:\/\/api.w.org\/{rel}","templated":true}]}}