{"id":83406,"date":"2022-05-23T19:34:01","date_gmt":"2022-05-23T22:34:01","guid":{"rendered":"https:\/\/blogdoedvaldomagalhaes.com.br\/?p=83406"},"modified":"2022-05-23T19:38:25","modified_gmt":"2022-05-23T22:38:25","slug":"vereador-irmao-ronaldo-participa-da-entrega-de-creche-no-bairro-nova-caruaru","status":"publish","type":"post","link":"https:\/\/blogdoedvaldomagalhaes.com.br\/index.php\/2022\/05\/23\/vereador-irmao-ronaldo-participa-da-entrega-de-creche-no-bairro-nova-caruaru\/","title":{"rendered":"Vereador Irm\u00e3o Ronaldo participa da entrega de creche no bairro Nova Caruaru"},"content":{"rendered":"<p style=\"text-align: justify;\"><span style=\"font-size: inherit;\">O vereador Irm\u00e3o Ronaldo, esteve na tarde desta segunda-feira (23), na inaugura\u00e7\u00e3o do Centro Municipal de Educa\u00e7\u00e3o Infantil (CMEI) Irm\u00e3 Ros\u00e1lia, na avenida na rua Jos\u00e9 Barbosa Maciel, no bairro Nova Caruaru, que vai atender crian\u00e7as de quatro meses a cinco anos, que moram na localidade e adjac\u00eancias.<\/span><\/p>\n<p style=\"text-align: justify;\">&#8220;Fico muito feliz em fazer esta entrega que vai beneficiar estas crian\u00e7as, o que mostra o cuidado da gest\u00e3o com a educa\u00e7\u00e3o desde a primeira inf\u00e2ncia&#8221;, comentou o prefeito de Caruaru, Rodrigo Pinheiro.<\/p>\n<p style=\"text-align: justify;\">A infraestrutura f\u00edsica do Centro Municipal de Educa\u00e7\u00e3o Infantil, merece destaque nas pol\u00edticas p\u00fablicas, assegurando o acesso e a perman\u00eancia da crian\u00e7a na unidade de educa\u00e7\u00e3o infantil, com dignidade, garantindo a conserva\u00e7\u00e3o do espa\u00e7o escolar e o bom funcionamento de suas instala\u00e7\u00f5es, inclusive no tocante a sua preserva\u00e7\u00e3o.<\/p>\n<p style=\"text-align: justify;\">O espa\u00e7o deve atender cerca de 240 (duzentos e quarenta) crian\u00e7as, considerando Ber\u00e7\u00e1rio, Ber\u00e7\u00e1rio I, Ber\u00e7\u00e1rio II, Pr\u00e9 I e Pr\u00e9 II.<\/p>\n<p style=\"text-align: justify;\">Para a constru\u00e7\u00e3o e amplia\u00e7\u00e3o do CMEI foi investido o total de R$ 3.240.869,64 (tr\u00eas milh\u00f5es, duzentos e quarenta mil, oitocentos e sessenta e nove reais e sessenta e quatro centavos), com recursos oriundos do Fundo Nacional de Desenvolvimento da Educa\u00e7\u00e3o \u2013 FNDE e Manuten\u00e7\u00e3o e Desenvolvimento do Ensino &#8211; MDE.<\/p>\n<p style=\"text-align: justify;\">&#8220;A entrega desse equipamento \u00e9 a concretiza\u00e7\u00e3o do direito \u00e0 educa\u00e7\u00e3o, \u00e0 sa\u00fade, ao bem-estar e a possibilidade da m\u00e3e ir poder tranquilamente trabalhar, enquanto seus filhos ficam aos nossos cuidados. Tudo com muita dignidade, com muito zelo, com muito amor&#8221;, explica a secret\u00e1ria de Educa\u00e7\u00e3o e Esportes, Ana Mara\u00edza.<\/p>\n<p style=\"text-align: justify;\">O vereador Irm\u00e3o Ronaldo esteve ao lado do prefeito Rodrigo Pinheiro, secret\u00e1ria de Educa\u00e7\u00e3o, Ana Mara\u00edza, secret\u00e1rios municipais, demais vereadores, pais e estudantes. &#8220;\u00c9 um equipamento importante para a popula\u00e7\u00e3o do bairro Nova Caruaru e adjac\u00eancias, fico muito feliz com essa entrega&#8221;, disse Irm\u00e3o Ronaldo.<\/p>\n\n\n<figure class=\"wp-block-image size-large\"><img loading=\"lazy\" decoding=\"async\" width=\"1024\" height=\"768\" src=\"https:\/\/blogdoedvaldomagalhaes.com.br\/wp-content\/uploads\/2022\/05\/IMG-20220523-WA0206-1024x768.jpg\" alt=\"\" class=\"wp-image-83409\" srcset=\"https:\/\/blogdoedvaldomagalhaes.com.br\/wp-content\/uploads\/2022\/05\/IMG-20220523-WA0206-1024x768.jpg 1024w, https:\/\/blogdoedvaldomagalhaes.com.br\/wp-content\/uploads\/2022\/05\/IMG-20220523-WA0206-300x225.jpg 300w, https:\/\/blogdoedvaldomagalhaes.com.br\/wp-content\/uploads\/2022\/05\/IMG-20220523-WA0206-768x576.jpg 768w, https:\/\/blogdoedvaldomagalhaes.com.br\/wp-content\/uploads\/2022\/05\/IMG-20220523-WA0206-160x120.jpg 160w, https:\/\/blogdoedvaldomagalhaes.com.br\/wp-content\/uploads\/2022\/05\/IMG-20220523-WA0206.jpg 1156w\" sizes=\"auto, (max-width: 1024px) 100vw, 1024px\" \/><\/figure>\n\n\n\n<figure class=\"wp-block-image size-large\"><img loading=\"lazy\" decoding=\"async\" width=\"1024\" height=\"768\" src=\"https:\/\/blogdoedvaldomagalhaes.com.br\/wp-content\/uploads\/2022\/05\/IMG-20220523-WA0182-1024x768.jpg\" alt=\"\" class=\"wp-image-83411\" srcset=\"https:\/\/blogdoedvaldomagalhaes.com.br\/wp-content\/uploads\/2022\/05\/IMG-20220523-WA0182-1024x768.jpg 1024w, https:\/\/blogdoedvaldomagalhaes.com.br\/wp-content\/uploads\/2022\/05\/IMG-20220523-WA0182-300x225.jpg 300w, https:\/\/blogdoedvaldomagalhaes.com.br\/wp-content\/uploads\/2022\/05\/IMG-20220523-WA0182-768x576.jpg 768w, https:\/\/blogdoedvaldomagalhaes.com.br\/wp-content\/uploads\/2022\/05\/IMG-20220523-WA0182-160x120.jpg 160w, https:\/\/blogdoedvaldomagalhaes.com.br\/wp-content\/uploads\/2022\/05\/IMG-20220523-WA0182.jpg 1156w\" sizes=\"auto, (max-width: 1024px) 100vw, 1024px\" \/><\/figure>\n\n\n\n<figure class=\"wp-block-image size-large\"><img loading=\"lazy\" decoding=\"async\" width=\"1024\" height=\"574\" src=\"https:\/\/blogdoedvaldomagalhaes.com.br\/wp-content\/uploads\/2022\/05\/IMG-20220523-WA0176-1024x574.jpg\" alt=\"\" class=\"wp-image-83413\" srcset=\"https:\/\/blogdoedvaldomagalhaes.com.br\/wp-content\/uploads\/2022\/05\/IMG-20220523-WA0176-1024x574.jpg 1024w, https:\/\/blogdoedvaldomagalhaes.com.br\/wp-content\/uploads\/2022\/05\/IMG-20220523-WA0176-300x168.jpg 300w, https:\/\/blogdoedvaldomagalhaes.com.br\/wp-content\/uploads\/2022\/05\/IMG-20220523-WA0176-768x430.jpg 768w, https:\/\/blogdoedvaldomagalhaes.com.br\/wp-content\/uploads\/2022\/05\/IMG-20220523-WA0176-720x405.jpg 720w, https:\/\/blogdoedvaldomagalhaes.com.br\/wp-content\/uploads\/2022\/05\/IMG-20220523-WA0176.jpg 1032w\" sizes=\"auto, (max-width: 1024px) 100vw, 1024px\" \/><figcaption>Fotos: Divulga\u00e7\u00e3o <\/figcaption><\/figure>\n","protected":false},"excerpt":{"rendered":"<p>O vereador Irm\u00e3o Ronaldo, esteve na tarde desta segunda-feira (23), na inaugura\u00e7\u00e3o do Centro Municipal de Educa\u00e7\u00e3o Infantil (CMEI) Irm\u00e3&hellip;<\/p>\n","protected":false},"author":1,"featured_media":83407,"comment_status":"open","ping_status":"open","sticky":false,"template":"","format":"standard","meta":{"footnotes":""},"categories":[14122],"tags":[2,19532,3406,24695],"class_list":["post-83406","post","type-post","status-publish","format-standard","has-post-thumbnail","hentry","category-politica","tag-blog-do-edvaldo-magalhaes","tag-blog-mais-acessado-e-visualizado-de-caruaru-e-regiao","tag-caruaru","tag-vereador-irmao-ronaldo-participa-da-entrega-de-creche-no-bairro-nova-caruaru"],"_links":{"self":[{"href":"https:\/\/blogdoedvaldomagalhaes.com.br\/index.php\/wp-json\/wp\/v2\/posts\/83406","targetHints":{"allow":["GET"]}}],"collection":[{"href":"https:\/\/blogdoedvaldomagalhaes.com.br\/index.php\/wp-json\/wp\/v2\/posts"}],"about":[{"href":"https:\/\/blogdoedvaldomagalhaes.com.br\/index.php\/wp-json\/wp\/v2\/types\/post"}],"author":[{"embeddable":true,"href":"https:\/\/blogdoedvaldomagalhaes.com.br\/index.php\/wp-json\/wp\/v2\/users\/1"}],"replies":[{"embeddable":true,"href":"https:\/\/blogdoedvaldomagalhaes.com.br\/index.php\/wp-json\/wp\/v2\/comments?post=83406"}],"version-history":[{"count":4,"href":"https:\/\/blogdoedvaldomagalhaes.com.br\/index.php\/wp-json\/wp\/v2\/posts\/83406\/revisions"}],"predecessor-version":[{"id":83414,"href":"https:\/\/blogdoedvaldomagalhaes.com.br\/index.php\/wp-json\/wp\/v2\/posts\/83406\/revisions\/83414"}],"wp:featuredmedia":[{"embeddable":true,"href":"https:\/\/blogdoedvaldomagalhaes.com.br\/index.php\/wp-json\/wp\/v2\/media\/83407"}],"wp:attachment":[{"href":"https:\/\/blogdoedvaldomagalhaes.com.br\/index.php\/wp-json\/wp\/v2\/media?parent=83406"}],"wp:term":[{"taxonomy":"category","embeddable":true,"href":"https:\/\/blogdoedvaldomagalhaes.com.br\/index.php\/wp-json\/wp\/v2\/categories?post=83406"},{"taxonomy":"post_tag","embeddable":true,"href":"https:\/\/blogdoedvaldomagalhaes.com.br\/index.php\/wp-json\/wp\/v2\/tags?post=83406"}],"curies":[{"name":"wp","href":"https:\/\/api.w.org\/{rel}","templated":true}]}}