{"id":834,"date":"2018-11-01T10:41:00","date_gmt":"2018-11-01T12:41:00","guid":{"rendered":"http:\/\/blogdoedvaldomagalhaes.com.br\/index.php\/2018\/11\/01\/prefeitura-de-caruaru-lancara-selecao\/"},"modified":"2019-02-09T02:37:46","modified_gmt":"2019-02-09T04:37:46","slug":"prefeitura-de-caruaru-lancara-selecao","status":"publish","type":"post","link":"https:\/\/blogdoedvaldomagalhaes.com.br\/index.php\/2018\/11\/01\/prefeitura-de-caruaru-lancara-selecao\/","title":{"rendered":"Prefeitura de Caruaru lan\u00e7ar\u00e1 sele\u00e7\u00e3o para estagi\u00e1rios de diversos cursos em novembro"},"content":{"rendered":"<div class=\"separator\" style=\"clear: both; text-align: center;\">\n<a href=\"https:\/\/1.bp.blogspot.com\/-nhPw0vFG6z0\/W9rYY1QNp2I\/AAAAAAAA8vc\/ql16O8kB7uowf5Fu5mYveK1-cqSq6TgAwCLcBGAs\/s1600\/pref.jpg\" imageanchor=\"1\" style=\"margin-left: 1em; margin-right: 1em;\"><img loading=\"lazy\" decoding=\"async\" border=\"0\" data-original-height=\"768\" data-original-width=\"1024\" height=\"474\" src=\"http:\/\/blogdoedvaldomagalhaes.com.br\/wp-content\/uploads\/2018\/11\/pref.jpg\" width=\"640\" \/><\/a><\/div>\n<div style=\"text-align: justify;\">\n<\/div>\n<div style=\"text-align: justify;\">\nNeste m\u00eas de novembro, a Prefeitura de Caruaru lan\u00e7ar\u00e1 uma sele\u00e7\u00e3o com vagas para est\u00e1gios para diversos cursos. Essa sele\u00e7\u00e3o j\u00e1 contar\u00e1 com parte das inova\u00e7\u00f5es discutidas em reuni\u00e3o realizada com representantes de seis universidades da regi\u00e3o.<\/div>\n<div style=\"text-align: justify;\">\n<\/div>\n<div style=\"text-align: justify;\">\nA Secretaria de Administra\u00e7\u00e3o, representada pela Ger\u00eancia de Recursos Humanos e Sele\u00e7\u00f5es, recebeu representantes da Asces-Unita, Fafica, IFPE, UFPE, UniCesumar e UniFavip Wyden para uma conversa sobre o Programa de Est\u00e1gio Municipal.<\/div>\n<div style=\"text-align: justify;\">\nNo encontro, foram apresentadas \u00e0s universidades as diretrizes do programa e as inova\u00e7\u00f5es que a gest\u00e3o est\u00e1 trazendo para os participantes, como tr\u00e2mites mais simples para contrata\u00e7\u00e3o e acompanhamento do estagi\u00e1rio durante o programa. Os representantes da prefeitura tamb\u00e9m puderam discutir com as institui\u00e7\u00f5es de ensino sobre como otimizar a experi\u00eancia de est\u00e1gio no munic\u00edpio.<\/div>\n<div style=\"text-align: justify;\">\n<\/div>\n<div style=\"text-align: justify;\">\nO edital e todas as informa\u00e7\u00f5es sobre a Super Sele\u00e7\u00e3o de Est\u00e1gio ser\u00e3o divulgados em breve no site https:\/\/selecoes.caruaru.pe.gov.br.<\/div>\n","protected":false},"excerpt":{"rendered":"<p>Neste m\u00eas de novembro, a Prefeitura de Caruaru lan\u00e7ar\u00e1 uma sele\u00e7\u00e3o com vagas para est\u00e1gios para diversos cursos. Essa sele\u00e7\u00e3o&hellip;<\/p>\n","protected":false},"author":1,"featured_media":0,"comment_status":"open","ping_status":"open","sticky":false,"template":"","format":"standard","meta":{"footnotes":""},"categories":[1],"tags":[2,6,778],"class_list":["post-834","post","type-post","status-publish","format-standard","hentry","category-sem-categoria","tag-blog-do-edvaldo-magalhaes","tag-noticias","tag-prefeitura-de-caruaru-lancara-selecao-para-estagiarios-de-diversos-cursos-em-novembro"],"_links":{"self":[{"href":"https:\/\/blogdoedvaldomagalhaes.com.br\/index.php\/wp-json\/wp\/v2\/posts\/834","targetHints":{"allow":["GET"]}}],"collection":[{"href":"https:\/\/blogdoedvaldomagalhaes.com.br\/index.php\/wp-json\/wp\/v2\/posts"}],"about":[{"href":"https:\/\/blogdoedvaldomagalhaes.com.br\/index.php\/wp-json\/wp\/v2\/types\/post"}],"author":[{"embeddable":true,"href":"https:\/\/blogdoedvaldomagalhaes.com.br\/index.php\/wp-json\/wp\/v2\/users\/1"}],"replies":[{"embeddable":true,"href":"https:\/\/blogdoedvaldomagalhaes.com.br\/index.php\/wp-json\/wp\/v2\/comments?post=834"}],"version-history":[{"count":1,"href":"https:\/\/blogdoedvaldomagalhaes.com.br\/index.php\/wp-json\/wp\/v2\/posts\/834\/revisions"}],"predecessor-version":[{"id":35442,"href":"https:\/\/blogdoedvaldomagalhaes.com.br\/index.php\/wp-json\/wp\/v2\/posts\/834\/revisions\/35442"}],"wp:attachment":[{"href":"https:\/\/blogdoedvaldomagalhaes.com.br\/index.php\/wp-json\/wp\/v2\/media?parent=834"}],"wp:term":[{"taxonomy":"category","embeddable":true,"href":"https:\/\/blogdoedvaldomagalhaes.com.br\/index.php\/wp-json\/wp\/v2\/categories?post=834"},{"taxonomy":"post_tag","embeddable":true,"href":"https:\/\/blogdoedvaldomagalhaes.com.br\/index.php\/wp-json\/wp\/v2\/tags?post=834"}],"curies":[{"name":"wp","href":"https:\/\/api.w.org\/{rel}","templated":true}]}}