{"id":8336,"date":"2016-09-11T22:33:00","date_gmt":"2016-09-12T01:33:00","guid":{"rendered":"http:\/\/blogdoedvaldomagalhaes.com.br\/index.php\/2016\/09\/11\/identificado-torcedor-espancado-e-dois\/"},"modified":"2019-02-09T00:58:42","modified_gmt":"2019-02-09T02:58:42","slug":"identificado-torcedor-espancado-e-dois","status":"publish","type":"post","link":"https:\/\/blogdoedvaldomagalhaes.com.br\/index.php\/2016\/09\/11\/identificado-torcedor-espancado-e-dois\/","title":{"rendered":"Identificado torcedor espancado e dois suspeitos foram detidos"},"content":{"rendered":"<div class=\"separator\" style=\"clear: both; text-align: center;\">\n<\/div>\n<div class=\"separator\" style=\"clear: both; text-align: center;\">\n<a href=\"https:\/\/3.bp.blogspot.com\/-lDhFBisGS4w\/V9XbblkTIBI\/AAAAAAAAGL4\/L_cE4I68fGUE7U5-FNi8IHpQQoyjURpVACLcB\/s1600\/01.jpg\" imageanchor=\"1\" style=\"margin-left: 1em; margin-right: 1em;\"><img loading=\"lazy\" decoding=\"async\" border=\"0\" height=\"400\" src=\"http:\/\/blogdoedvaldomagalhaes.com.br\/wp-content\/uploads\/2016\/09\/01-5.jpg\" width=\"305\" \/><\/a><\/div>\n<div class=\"separator\" style=\"clear: both; text-align: center;\">\n<\/div>\n<div class=\"separator\" style=\"clear: both; text-align: center;\">\n<a href=\"https:\/\/2.bp.blogspot.com\/-z8YP7Q1RUcs\/V9XbisVjkcI\/AAAAAAAAGME\/t4BIGMPVmB4j5M7D5abavOTNANl2EfnEACEw\/s1600\/03.jpg\" imageanchor=\"1\" style=\"margin-left: 1em; margin-right: 1em;\"><img loading=\"lazy\" decoding=\"async\" border=\"0\" height=\"131\" src=\"http:\/\/blogdoedvaldomagalhaes.com.br\/wp-content\/uploads\/2016\/09\/03-3.jpg\" width=\"320\" \/><\/a><\/div>\n<p><\/p>\n<div class=\"separator\" style=\"clear: both; text-align: center;\">\n<a href=\"https:\/\/3.bp.blogspot.com\/-0sS5FhFkm1Q\/V9XbdNM9IBI\/AAAAAAAAGL8\/3xNN9acSV5on_cUfDjVk99EnkkLtgBKfgCLcB\/s1600\/02.jpg\" imageanchor=\"1\" style=\"margin-left: 1em; margin-right: 1em;\"><img loading=\"lazy\" decoding=\"async\" border=\"0\" height=\"300\" src=\"http:\/\/blogdoedvaldomagalhaes.com.br\/wp-content\/uploads\/2016\/09\/02-3.jpg\" width=\"400\" \/><\/a><\/div>\n<p><\/p>\n<div class=\"separator\" style=\"clear: both; text-align: center;\">\n<a href=\"https:\/\/1.bp.blogspot.com\/-Bi73E9aR5Rw\/V9Xbfwmk_SI\/AAAAAAAAGMA\/AQx-XdNaTGchYg_JQ0uLqyoyIt8-9kOcwCLcB\/s1600\/04.jpg\" imageanchor=\"1\" style=\"margin-left: 1em; margin-right: 1em;\"><img loading=\"lazy\" decoding=\"async\" border=\"0\" height=\"300\" src=\"http:\/\/blogdoedvaldomagalhaes.com.br\/wp-content\/uploads\/2016\/09\/04-3.jpg\" width=\"400\" \/><\/a><\/div>\n<div class=\"separator\" style=\"clear: both; text-align: center;\">\n<\/div>\n<div style=\"text-align: justify;\">\n<b>Nota da SDS:<\/b><\/div>\n<div style=\"text-align: justify;\">\n<b><br \/><\/b><\/div>\n<div style=\"text-align: justify;\">\nA Secretaria de Defesa Social repudia os atos de viol\u00eancia promovidos por supostos torcedores antes do cl\u00e1ssico Sport x Santa Cruz.&nbsp;<\/div>\n<div style=\"text-align: justify;\">\n&nbsp; &nbsp; Policiais detiveram 02 suspeitos de agredirem violentamente AMILTON LIMA DOS SANTOS (Buiu), 28 anos, solteiro, vendedor, &nbsp;Presidente da Torcida Organizada Inferno Coral, os quais ser\u00e3o interrogados por Delegados do Departamento de Pol\u00edcia da Crian\u00e7a e do Adolescente e da For\u00e7a Tarefa de Homic\u00eddios, para decidirem quanto aos ind\u00edcios de autoria e formaliza\u00e7\u00e3o de eventual flagrante.<\/div>\n<div style=\"text-align: justify;\">\n&nbsp; &nbsp; O policiamento destinado ao jogo foi refor\u00e7ado com o remanejamento de efetivo de outros Batalh\u00f5es da Regi\u00e3o Metropolitana do Recife, para garantir a seguran\u00e7a dos torcedores e da popula\u00e7\u00e3o, inclusive nas principais vias e Terminais Integrados da capital.<\/div>\n<p><\/p>\n<div style=\"text-align: justify;\">\nA Pol\u00edcia Civil tratar\u00e1 com prioridade a identifica\u00e7\u00e3o e pris\u00e3o dos demais envolvidos no ato de barb\u00e1rie praticado no dia de hoje.<\/div>\n","protected":false},"excerpt":{"rendered":"<p>Nota da SDS: A Secretaria de Defesa Social repudia os atos de viol\u00eancia promovidos por supostos torcedores antes do cl\u00e1ssico&hellip;<\/p>\n","protected":false},"author":1,"featured_media":0,"comment_status":"open","ping_status":"open","sticky":false,"template":"","format":"standard","meta":{"footnotes":""},"categories":[1],"tags":[2,12321,1479,13,3620,4856],"class_list":["post-8336","post","type-post","status-publish","format-standard","hentry","category-sem-categoria","tag-blog-do-edvaldo-magalhaes","tag-identificado-torcedor-espancado-e-dois-suspeitos-foram-detidos","tag-noticias-policiais","tag-policial","tag-sds","tag-secretaria-de-defesa-social"],"_links":{"self":[{"href":"https:\/\/blogdoedvaldomagalhaes.com.br\/index.php\/wp-json\/wp\/v2\/posts\/8336","targetHints":{"allow":["GET"]}}],"collection":[{"href":"https:\/\/blogdoedvaldomagalhaes.com.br\/index.php\/wp-json\/wp\/v2\/posts"}],"about":[{"href":"https:\/\/blogdoedvaldomagalhaes.com.br\/index.php\/wp-json\/wp\/v2\/types\/post"}],"author":[{"embeddable":true,"href":"https:\/\/blogdoedvaldomagalhaes.com.br\/index.php\/wp-json\/wp\/v2\/users\/1"}],"replies":[{"embeddable":true,"href":"https:\/\/blogdoedvaldomagalhaes.com.br\/index.php\/wp-json\/wp\/v2\/comments?post=8336"}],"version-history":[{"count":1,"href":"https:\/\/blogdoedvaldomagalhaes.com.br\/index.php\/wp-json\/wp\/v2\/posts\/8336\/revisions"}],"predecessor-version":[{"id":12300,"href":"https:\/\/blogdoedvaldomagalhaes.com.br\/index.php\/wp-json\/wp\/v2\/posts\/8336\/revisions\/12300"}],"wp:attachment":[{"href":"https:\/\/blogdoedvaldomagalhaes.com.br\/index.php\/wp-json\/wp\/v2\/media?parent=8336"}],"wp:term":[{"taxonomy":"category","embeddable":true,"href":"https:\/\/blogdoedvaldomagalhaes.com.br\/index.php\/wp-json\/wp\/v2\/categories?post=8336"},{"taxonomy":"post_tag","embeddable":true,"href":"https:\/\/blogdoedvaldomagalhaes.com.br\/index.php\/wp-json\/wp\/v2\/tags?post=8336"}],"curies":[{"name":"wp","href":"https:\/\/api.w.org\/{rel}","templated":true}]}}